{"id":1021,"date":"2017-10-16T17:26:21","date_gmt":"2017-10-16T16:26:21","guid":{"rendered":"http:\/\/baons-le-comte.fr\/?p=1021"},"modified":"2017-11-27T18:19:45","modified_gmt":"2017-11-27T17:19:45","slug":"si-baons-le-comte-metait-conte","status":"publish","type":"post","link":"https:\/\/baons-le-comte.fr\/index.php\/2017\/10\/16\/si-baons-le-comte-metait-conte\/","title":{"rendered":"SI BAONS LE COMTE M\u2019\u00c9TAIT CONT\u00c9 L\u2019ENTR\u00c9E DU VILLAGE"},"content":{"rendered":"<p>Quelques anciennes photos<\/p>\n<p><a href=\"https:\/\/baons-le-comte.fr\/wp-content\/uploads\/2017\/10\/BLC.3.l\u00e9glise.jpg\">l<img loading=\"lazy\" decoding=\"async\" class=\"alignnone size-medium wp-image-979\" src=\"https:\/\/baons-le-comte.fr\/wp-content\/uploads\/2017\/10\/BLC.3.l\u00e9glise-196x300.jpg\" alt=\"\" width=\"196\" height=\"300\" srcset=\"https:\/\/baons-le-comte.fr\/wp-content\/uploads\/2017\/10\/BLC.3.l\u00e9glise-196x300.jpg 196w, https:\/\/baons-le-comte.fr\/wp-content\/uploads\/2017\/10\/BLC.3.l\u00e9glise-768x1175.jpg 768w, https:\/\/baons-le-comte.fr\/wp-content\/uploads\/2017\/10\/BLC.3.l\u00e9glise-669x1024.jpg 669w, https:\/\/baons-le-comte.fr\/wp-content\/uploads\/2017\/10\/BLC.3.l\u00e9glise.jpg 1020w\" sizes=\"(max-width: 196px) 100vw, 196px\" \/><\/a><a href=\"https:\/\/baons-le-comte.fr\/wp-content\/uploads\/2017\/10\/BLC.33-entr\u00e9e-du-village.jpg\"><img loading=\"lazy\" decoding=\"async\" class=\"alignnone size-medium wp-image-1008\" src=\"https:\/\/baons-le-comte.fr\/wp-content\/uploads\/2017\/10\/BLC.33-entr\u00e9e-du-village-300x199.jpg\" alt=\"\" width=\"300\" height=\"199\" srcset=\"https:\/\/baons-le-comte.fr\/wp-content\/uploads\/2017\/10\/BLC.33-entr\u00e9e-du-village-300x199.jpg 300w, https:\/\/baons-le-comte.fr\/wp-content\/uploads\/2017\/10\/BLC.33-entr\u00e9e-du-village-768x511.jpg 768w, https:\/\/baons-le-comte.fr\/wp-content\/uploads\/2017\/10\/BLC.33-entr\u00e9e-du-village-1024x681.jpg 1024w, https:\/\/baons-le-comte.fr\/wp-content\/uploads\/2017\/10\/BLC.33-entr\u00e9e-du-village.jpg 1751w\" sizes=\"(max-width: 300px) 100vw, 300px\" \/><\/a><a href=\"https:\/\/baons-le-comte.fr\/wp-content\/uploads\/2017\/10\/BLC.4.l\u00e9glise.entr\u00e9e-du-village.jpg\"><img loading=\"lazy\" decoding=\"async\" class=\"alignnone size-medium wp-image-980\" src=\"https:\/\/baons-le-comte.fr\/wp-content\/uploads\/2017\/10\/BLC.4.l\u00e9glise.entr\u00e9e-du-village-300x180.jpg\" alt=\"\" width=\"300\" height=\"180\" srcset=\"https:\/\/baons-le-comte.fr\/wp-content\/uploads\/2017\/10\/BLC.4.l\u00e9glise.entr\u00e9e-du-village-300x180.jpg 300w, https:\/\/baons-le-comte.fr\/wp-content\/uploads\/2017\/10\/BLC.4.l\u00e9glise.entr\u00e9e-du-village-768x460.jpg 768w, https:\/\/baons-le-comte.fr\/wp-content\/uploads\/2017\/10\/BLC.4.l\u00e9glise.entr\u00e9e-du-village-1024x613.jpg 1024w, https:\/\/baons-le-comte.fr\/wp-content\/uploads\/2017\/10\/BLC.4.l\u00e9glise.entr\u00e9e-du-village.jpg 1642w\" sizes=\"(max-width: 300px) 100vw, 300px\" \/><\/a><\/p>\n<p>L&rsquo;entr\u00e9e du village, l&rsquo;\u00e9glise,\u00a0 l&rsquo;\u00e9cole qui devient la mairie<\/p>\n<p><a href=\"https:\/\/baons-le-comte.fr\/wp-content\/uploads\/2017\/10\/BLC.5.la-maison-de-l\u00e9chevin.jpg\"><img loading=\"lazy\" decoding=\"async\" class=\"alignnone size-medium wp-image-981\" src=\"https:\/\/baons-le-comte.fr\/wp-content\/uploads\/2017\/10\/BLC.5.la-maison-de-l\u00e9chevin-300x162.jpg\" alt=\"\" width=\"300\" height=\"162\" srcset=\"https:\/\/baons-le-comte.fr\/wp-content\/uploads\/2017\/10\/BLC.5.la-maison-de-l\u00e9chevin-300x162.jpg 300w, https:\/\/baons-le-comte.fr\/wp-content\/uploads\/2017\/10\/BLC.5.la-maison-de-l\u00e9chevin-768x414.jpg 768w, https:\/\/baons-le-comte.fr\/wp-content\/uploads\/2017\/10\/BLC.5.la-maison-de-l\u00e9chevin-1024x552.jpg 1024w, https:\/\/baons-le-comte.fr\/wp-content\/uploads\/2017\/10\/BLC.5.la-maison-de-l\u00e9chevin.jpg 1633w\" sizes=\"(max-width: 300px) 100vw, 300px\" \/><\/a><a href=\"https:\/\/baons-le-comte.fr\/wp-content\/uploads\/2017\/10\/BLC.6.Maison-XVI\u00e8me-si\u00e8cle-A.jpg\"><img loading=\"lazy\" decoding=\"async\" class=\"alignnone size-medium wp-image-982\" src=\"https:\/\/baons-le-comte.fr\/wp-content\/uploads\/2017\/10\/BLC.6.Maison-XVI\u00e8me-si\u00e8cle-A-300x183.jpg\" alt=\"\" width=\"300\" height=\"183\" srcset=\"https:\/\/baons-le-comte.fr\/wp-content\/uploads\/2017\/10\/BLC.6.Maison-XVI\u00e8me-si\u00e8cle-A-300x183.jpg 300w, https:\/\/baons-le-comte.fr\/wp-content\/uploads\/2017\/10\/BLC.6.Maison-XVI\u00e8me-si\u00e8cle-A-768x467.jpg 768w, https:\/\/baons-le-comte.fr\/wp-content\/uploads\/2017\/10\/BLC.6.Maison-XVI\u00e8me-si\u00e8cle-A-1024x623.jpg 1024w, https:\/\/baons-le-comte.fr\/wp-content\/uploads\/2017\/10\/BLC.6.Maison-XVI\u00e8me-si\u00e8cle-A-570x350.jpg 570w, https:\/\/baons-le-comte.fr\/wp-content\/uploads\/2017\/10\/BLC.6.Maison-XVI\u00e8me-si\u00e8cle-A.jpg 1658w\" sizes=\"(max-width: 300px) 100vw, 300px\" \/><\/a><\/p>\n<p>La maison de l&rsquo;\u00e9chevin, l&rsquo;\u00e9picerie<\/p>\n","protected":false},"excerpt":{"rendered":"<p>Quelques anciennes photos l L&rsquo;entr\u00e9e du village, l&rsquo;\u00e9glise,\u00a0 l&rsquo;\u00e9cole qui devient la mairie La maison de l&rsquo;\u00e9chevin, l&rsquo;\u00e9picerie<\/p>\n","protected":false},"author":3,"featured_media":0,"comment_status":"closed","ping_status":"open","sticky":false,"template":"","format":"standard","meta":{"footnotes":""},"categories":[5],"tags":[],"class_list":["post-1021","post","type-post","status-publish","format-standard","hentry","category-actualite"],"aioseo_notices":[],"_links":{"self":[{"href":"https:\/\/baons-le-comte.fr\/index.php\/wp-json\/wp\/v2\/posts\/1021"}],"collection":[{"href":"https:\/\/baons-le-comte.fr\/index.php\/wp-json\/wp\/v2\/posts"}],"about":[{"href":"https:\/\/baons-le-comte.fr\/index.php\/wp-json\/wp\/v2\/types\/post"}],"author":[{"embeddable":true,"href":"https:\/\/baons-le-comte.fr\/index.php\/wp-json\/wp\/v2\/users\/3"}],"replies":[{"embeddable":true,"href":"https:\/\/baons-le-comte.fr\/index.php\/wp-json\/wp\/v2\/comments?post=1021"}],"version-history":[{"count":4,"href":"https:\/\/baons-le-comte.fr\/index.php\/wp-json\/wp\/v2\/posts\/1021\/revisions"}],"predecessor-version":[{"id":1079,"href":"https:\/\/baons-le-comte.fr\/index.php\/wp-json\/wp\/v2\/posts\/1021\/revisions\/1079"}],"wp:attachment":[{"href":"https:\/\/baons-le-comte.fr\/index.php\/wp-json\/wp\/v2\/media?parent=1021"}],"wp:term":[{"taxonomy":"category","embeddable":true,"href":"https:\/\/baons-le-comte.fr\/index.php\/wp-json\/wp\/v2\/categories?post=1021"},{"taxonomy":"post_tag","embeddable":true,"href":"https:\/\/baons-le-comte.fr\/index.php\/wp-json\/wp\/v2\/tags?post=1021"}],"curies":[{"name":"wp","href":"https:\/\/api.w.org\/{rel}","templated":true}]}}