{"id":1131,"date":"2018-02-12T17:32:55","date_gmt":"2018-02-12T16:32:55","guid":{"rendered":"http:\/\/baons-le-comte.fr\/?p=1131"},"modified":"2018-02-12T17:47:13","modified_gmt":"2018-02-12T16:47:13","slug":"voeux-du-maire","status":"publish","type":"post","link":"https:\/\/baons-le-comte.fr\/index.php\/2018\/02\/12\/voeux-du-maire\/","title":{"rendered":"VOEUX DU MAIRE"},"content":{"rendered":"<p>Les v\u0153ux du Maire ont \u00e9t\u00e9 f\u00eat\u00e9s le 20 janvier dernier dans la grande salle de notre mairie. Une centaine de personnes \u00e9taient pr\u00e9sentes,\u00a0 des habitants fid\u00e8les et quelques maires des villages voisins.<\/p>\n<p>Apr\u00e8s le traditionnel discours de Monsieur Rapha\u00ebl DIRAND, les Conseillers Municipaux ont offert un vin d&rsquo;honneur compos\u00e9 d&rsquo;un kir, de pains surprises et de plateaux de charcuterie r\u00e9alis\u00e9s par Gilles LEROUX. Nous le remercions pour sa tr\u00e8s belle prestation.<\/p>\n<p>Suivent ensuite quelques photographies de cette c\u00e9r\u00e9monie :<\/p>\n<p><a href=\"https:\/\/baons-le-comte.fr\/wp-content\/uploads\/2018\/01\/IMG_1120.jpg\"><img loading=\"lazy\" decoding=\"async\" class=\"alignnone size-medium wp-image-1165\" src=\"https:\/\/baons-le-comte.fr\/wp-content\/uploads\/2018\/01\/IMG_1120-300x225.jpg\" alt=\"\" width=\"300\" height=\"225\" \/><\/a>\u00a0\u00a0 <a href=\"https:\/\/baons-le-comte.fr\/wp-content\/uploads\/2018\/01\/IMG_1122.jpg\"><img loading=\"lazy\" decoding=\"async\" class=\"alignnone size-medium wp-image-1167\" src=\"https:\/\/baons-le-comte.fr\/wp-content\/uploads\/2018\/01\/IMG_1122-300x225.jpg\" alt=\"\" width=\"300\" height=\"225\" \/>REMISE DE DIPL\u00d4ME<\/a><\/p>\n<p>A ISABELLE LEVASSEUR NOTRE SECRETAIRE ET A ALAIN DOGUET<\/p>\n<p><a href=\"https:\/\/baons-le-comte.fr\/wp-content\/uploads\/2018\/01\/IMG_1126.jpg\"><img loading=\"lazy\" decoding=\"async\" class=\"alignnone size-medium wp-image-1171\" src=\"https:\/\/baons-le-comte.fr\/wp-content\/uploads\/2018\/01\/IMG_1126-300x225.jpg\" alt=\"\" width=\"300\" height=\"225\" srcset=\"https:\/\/baons-le-comte.fr\/wp-content\/uploads\/2018\/01\/IMG_1126-300x225.jpg 300w, https:\/\/baons-le-comte.fr\/wp-content\/uploads\/2018\/01\/IMG_1126-768x576.jpg 768w, https:\/\/baons-le-comte.fr\/wp-content\/uploads\/2018\/01\/IMG_1126-1024x768.jpg 1024w, https:\/\/baons-le-comte.fr\/wp-content\/uploads\/2018\/01\/IMG_1126.jpg 1600w\" sizes=\"(max-width: 300px) 100vw, 300px\" \/>\u00a0\u00a0\u00a0<\/a><a href=\"https:\/\/baons-le-comte.fr\/wp-content\/uploads\/2018\/01\/IMG_1110.jpg\"><img loading=\"lazy\" decoding=\"async\" class=\"alignnone size-medium wp-image-1155\" src=\"https:\/\/baons-le-comte.fr\/wp-content\/uploads\/2018\/01\/IMG_1110-300x225.jpg\" alt=\"\" width=\"300\" height=\"225\" srcset=\"https:\/\/baons-le-comte.fr\/wp-content\/uploads\/2018\/01\/IMG_1110-300x225.jpg 300w, https:\/\/baons-le-comte.fr\/wp-content\/uploads\/2018\/01\/IMG_1110-768x576.jpg 768w, https:\/\/baons-le-comte.fr\/wp-content\/uploads\/2018\/01\/IMG_1110-1024x768.jpg 1024w, https:\/\/baons-le-comte.fr\/wp-content\/uploads\/2018\/01\/IMG_1110.jpg 1600w\" sizes=\"(max-width: 300px) 100vw, 300px\" \/><\/a><\/p>\n<p><a href=\"https:\/\/baons-le-comte.fr\/wp-content\/uploads\/2018\/01\/IMG_1136.jpg\"><img loading=\"lazy\" decoding=\"async\" class=\"alignnone size-medium wp-image-1181\" src=\"https:\/\/baons-le-comte.fr\/wp-content\/uploads\/2018\/01\/IMG_1136-300x225.jpg\" alt=\"\" width=\"300\" height=\"225\" \/><\/a>\u00a0\u00a0 <a href=\"https:\/\/baons-le-comte.fr\/wp-content\/uploads\/2018\/01\/IMG_1094.jpg\"><img loading=\"lazy\" decoding=\"async\" class=\"alignnone size-medium wp-image-1139\" src=\"https:\/\/baons-le-comte.fr\/wp-content\/uploads\/2018\/01\/IMG_1094-300x225.jpg\" alt=\"\" width=\"300\" height=\"225\" \/><\/a><\/p>\n","protected":false},"excerpt":{"rendered":"<p>Les v\u0153ux du Maire ont \u00e9t\u00e9 f\u00eat\u00e9s le 20 janvier dernier dans la grande salle de notre mairie. Une centaine de personnes \u00e9taient pr\u00e9sentes,\u00a0 des habitants fid\u00e8les et quelques maires des villages voisins. Apr\u00e8s le traditionnel discours de Monsieur Rapha\u00ebl DIRAND, les Conseillers Municipaux ont offert un vin d&rsquo;honneur compos\u00e9 d&rsquo;un kir, de pains surprises &hellip; <a href=\"https:\/\/baons-le-comte.fr\/index.php\/2018\/02\/12\/voeux-du-maire\/\" class=\"more-link\">Continuer la lecture de <span class=\"screen-reader-text\">VOEUX DU MAIRE<\/span>  <span class=\"meta-nav\">&rarr;<\/span><\/a><\/p>\n","protected":false},"author":3,"featured_media":0,"comment_status":"closed","ping_status":"open","sticky":false,"template":"","format":"standard","meta":{"footnotes":""},"categories":[5],"tags":[],"class_list":["post-1131","post","type-post","status-publish","format-standard","hentry","category-actualite"],"aioseo_notices":[],"_links":{"self":[{"href":"https:\/\/baons-le-comte.fr\/index.php\/wp-json\/wp\/v2\/posts\/1131"}],"collection":[{"href":"https:\/\/baons-le-comte.fr\/index.php\/wp-json\/wp\/v2\/posts"}],"about":[{"href":"https:\/\/baons-le-comte.fr\/index.php\/wp-json\/wp\/v2\/types\/post"}],"author":[{"embeddable":true,"href":"https:\/\/baons-le-comte.fr\/index.php\/wp-json\/wp\/v2\/users\/3"}],"replies":[{"embeddable":true,"href":"https:\/\/baons-le-comte.fr\/index.php\/wp-json\/wp\/v2\/comments?post=1131"}],"version-history":[{"count":7,"href":"https:\/\/baons-le-comte.fr\/index.php\/wp-json\/wp\/v2\/posts\/1131\/revisions"}],"predecessor-version":[{"id":1189,"href":"https:\/\/baons-le-comte.fr\/index.php\/wp-json\/wp\/v2\/posts\/1131\/revisions\/1189"}],"wp:attachment":[{"href":"https:\/\/baons-le-comte.fr\/index.php\/wp-json\/wp\/v2\/media?parent=1131"}],"wp:term":[{"taxonomy":"category","embeddable":true,"href":"https:\/\/baons-le-comte.fr\/index.php\/wp-json\/wp\/v2\/categories?post=1131"},{"taxonomy":"post_tag","embeddable":true,"href":"https:\/\/baons-le-comte.fr\/index.php\/wp-json\/wp\/v2\/tags?post=1131"}],"curies":[{"name":"wp","href":"https:\/\/api.w.org\/{rel}","templated":true}]}}