{"id":1199,"date":"2018-03-12T18:04:42","date_gmt":"2018-03-12T17:04:42","guid":{"rendered":"http:\/\/baons-le-comte.fr\/?p=1199"},"modified":"2018-03-15T15:53:14","modified_gmt":"2018-03-15T14:53:14","slug":"le-repas-des-anciens-bannais","status":"publish","type":"post","link":"https:\/\/baons-le-comte.fr\/index.php\/2018\/03\/12\/le-repas-des-anciens-bannais\/","title":{"rendered":"LE REPAS DES ANCIENS BANNAIS"},"content":{"rendered":"<p>Le Conseil Municipal et les membres du CCAS,\u00a0 ont re\u00e7u les Anciens du village\u00a0 au restaurant de la\u00a0 Croisi\u00e8re \u00e0 Louvetot,\u00a0 le Dimanche 11 Mars 2018 pour le traditionnel repas.<\/p>\n<p>Une cinquantaine de personnes \u00e9taient ravies de se retrouver pour \u00e9changer les derni\u00e8res nouvelles de leur famille et du village. Comme tous les ans, nous avons offert un bouquet de fleurs aux nouvelles venues ainsi qu&rsquo;\u00e0 la doyenne des pr\u00e9sents. Malheureusement, quatre personnes inscrites ont d\u00fb renoncer au dernier moment \u00e0 cette sortie pour cause de maladie. Nous leur souhaitons un prompt r\u00e9tablissement.<\/p>\n<p><a href=\"https:\/\/baons-le-comte.fr\/wp-content\/uploads\/2018\/03\/20180311_123258.jpg\"><img loading=\"lazy\" decoding=\"async\" class=\"alignnone size-medium wp-image-1207\" src=\"https:\/\/baons-le-comte.fr\/wp-content\/uploads\/2018\/03\/20180311_123258-300x225.jpg\" alt=\"\" width=\"300\" height=\"225\" srcset=\"https:\/\/baons-le-comte.fr\/wp-content\/uploads\/2018\/03\/20180311_123258-300x225.jpg 300w, https:\/\/baons-le-comte.fr\/wp-content\/uploads\/2018\/03\/20180311_123258-768x576.jpg 768w, https:\/\/baons-le-comte.fr\/wp-content\/uploads\/2018\/03\/20180311_123258-1024x768.jpg 1024w\" sizes=\"(max-width: 300px) 100vw, 300px\" \/><\/a><\/p>\n<p>Curiosit\u00e9 cette ann\u00e9e nous avions 2 dames n\u00e9es le m\u00eame jour. Pour les hommes nous avons remis un coffret de vin au nouveau et au doyen.<\/p>\n<p>La journ\u00e9e s&rsquo;est d\u00e9roul\u00e9e dans une ambiance sympathique et le repas fut appr\u00e9ci\u00e9 de tous.<\/p>\n<p><a href=\"https:\/\/baons-le-comte.fr\/wp-content\/uploads\/2018\/03\/20180311_164802.jpg\"><img loading=\"lazy\" decoding=\"async\" class=\"alignnone size-medium wp-image-1218\" src=\"https:\/\/baons-le-comte.fr\/wp-content\/uploads\/2018\/03\/20180311_164802-300x225.jpg\" alt=\"\" width=\"300\" height=\"225\" srcset=\"https:\/\/baons-le-comte.fr\/wp-content\/uploads\/2018\/03\/20180311_164802-300x225.jpg 300w, https:\/\/baons-le-comte.fr\/wp-content\/uploads\/2018\/03\/20180311_164802-768x576.jpg 768w, https:\/\/baons-le-comte.fr\/wp-content\/uploads\/2018\/03\/20180311_164802-1024x768.jpg 1024w\" sizes=\"(max-width: 300px) 100vw, 300px\" \/><\/a> <a href=\"https:\/\/baons-le-comte.fr\/wp-content\/uploads\/2018\/03\/20180311_144311.jpg\"><img loading=\"lazy\" decoding=\"async\" class=\"alignnone size-medium wp-image-1216\" src=\"https:\/\/baons-le-comte.fr\/wp-content\/uploads\/2018\/03\/20180311_144311-300x225.jpg\" alt=\"\" width=\"300\" height=\"225\" srcset=\"https:\/\/baons-le-comte.fr\/wp-content\/uploads\/2018\/03\/20180311_144311-300x225.jpg 300w, https:\/\/baons-le-comte.fr\/wp-content\/uploads\/2018\/03\/20180311_144311-768x576.jpg 768w, https:\/\/baons-le-comte.fr\/wp-content\/uploads\/2018\/03\/20180311_144311-1024x768.jpg 1024w\" sizes=\"(max-width: 300px) 100vw, 300px\" \/><\/a> <a href=\"https:\/\/baons-le-comte.fr\/wp-content\/uploads\/2018\/03\/20180311_131954.jpg\"><img loading=\"lazy\" decoding=\"async\" class=\"alignnone size-medium wp-image-1215\" src=\"https:\/\/baons-le-comte.fr\/wp-content\/uploads\/2018\/03\/20180311_131954-300x225.jpg\" alt=\"\" width=\"300\" height=\"225\" srcset=\"https:\/\/baons-le-comte.fr\/wp-content\/uploads\/2018\/03\/20180311_131954-300x225.jpg 300w, https:\/\/baons-le-comte.fr\/wp-content\/uploads\/2018\/03\/20180311_131954-768x576.jpg 768w, https:\/\/baons-le-comte.fr\/wp-content\/uploads\/2018\/03\/20180311_131954-1024x768.jpg 1024w\" sizes=\"(max-width: 300px) 100vw, 300px\" \/><\/a> <a href=\"https:\/\/baons-le-comte.fr\/wp-content\/uploads\/2018\/03\/20180311_130758.jpg\"><img loading=\"lazy\" decoding=\"async\" class=\"alignnone size-medium wp-image-1210\" src=\"https:\/\/baons-le-comte.fr\/wp-content\/uploads\/2018\/03\/20180311_130758-300x225.jpg\" alt=\"\" width=\"300\" height=\"225\" srcset=\"https:\/\/baons-le-comte.fr\/wp-content\/uploads\/2018\/03\/20180311_130758-300x225.jpg 300w, https:\/\/baons-le-comte.fr\/wp-content\/uploads\/2018\/03\/20180311_130758-768x576.jpg 768w, https:\/\/baons-le-comte.fr\/wp-content\/uploads\/2018\/03\/20180311_130758-1024x768.jpg 1024w\" sizes=\"(max-width: 300px) 100vw, 300px\" \/><\/a> <a href=\"https:\/\/baons-le-comte.fr\/wp-content\/uploads\/2018\/03\/20180311_130749.jpg\"><img loading=\"lazy\" decoding=\"async\" class=\"alignnone size-medium wp-image-1209\" src=\"https:\/\/baons-le-comte.fr\/wp-content\/uploads\/2018\/03\/20180311_130749-300x225.jpg\" alt=\"\" width=\"300\" height=\"225\" srcset=\"https:\/\/baons-le-comte.fr\/wp-content\/uploads\/2018\/03\/20180311_130749-300x225.jpg 300w, https:\/\/baons-le-comte.fr\/wp-content\/uploads\/2018\/03\/20180311_130749-768x576.jpg 768w, https:\/\/baons-le-comte.fr\/wp-content\/uploads\/2018\/03\/20180311_130749-1024x768.jpg 1024w\" sizes=\"(max-width: 300px) 100vw, 300px\" \/><\/a> <a href=\"https:\/\/baons-le-comte.fr\/wp-content\/uploads\/2018\/03\/20180311_123715.jpg\"><img loading=\"lazy\" decoding=\"async\" class=\"alignnone size-medium wp-image-1208\" src=\"https:\/\/baons-le-comte.fr\/wp-content\/uploads\/2018\/03\/20180311_123715-300x225.jpg\" alt=\"\" width=\"300\" height=\"225\" srcset=\"https:\/\/baons-le-comte.fr\/wp-content\/uploads\/2018\/03\/20180311_123715-300x225.jpg 300w, https:\/\/baons-le-comte.fr\/wp-content\/uploads\/2018\/03\/20180311_123715-768x576.jpg 768w, https:\/\/baons-le-comte.fr\/wp-content\/uploads\/2018\/03\/20180311_123715-1024x768.jpg 1024w\" sizes=\"(max-width: 300px) 100vw, 300px\" \/><\/a><\/p>\n","protected":false},"excerpt":{"rendered":"<p>Le Conseil Municipal et les membres du CCAS,\u00a0 ont re\u00e7u les Anciens du village\u00a0 au restaurant de la\u00a0 Croisi\u00e8re \u00e0 Louvetot,\u00a0 le Dimanche 11 Mars 2018 pour le traditionnel repas. Une cinquantaine de personnes \u00e9taient ravies de se retrouver pour \u00e9changer les derni\u00e8res nouvelles de leur famille et du village. Comme tous les ans, nous &hellip; <a href=\"https:\/\/baons-le-comte.fr\/index.php\/2018\/03\/12\/le-repas-des-anciens-bannais\/\" class=\"more-link\">Continuer la lecture de <span class=\"screen-reader-text\">LE REPAS DES ANCIENS BANNAIS<\/span>  <span class=\"meta-nav\">&rarr;<\/span><\/a><\/p>\n","protected":false},"author":2,"featured_media":711,"comment_status":"closed","ping_status":"open","sticky":false,"template":"","format":"standard","meta":{"footnotes":""},"categories":[5],"tags":[],"class_list":["post-1199","post","type-post","status-publish","format-standard","has-post-thumbnail","hentry","category-actualite"],"aioseo_notices":[],"_links":{"self":[{"href":"https:\/\/baons-le-comte.fr\/index.php\/wp-json\/wp\/v2\/posts\/1199"}],"collection":[{"href":"https:\/\/baons-le-comte.fr\/index.php\/wp-json\/wp\/v2\/posts"}],"about":[{"href":"https:\/\/baons-le-comte.fr\/index.php\/wp-json\/wp\/v2\/types\/post"}],"author":[{"embeddable":true,"href":"https:\/\/baons-le-comte.fr\/index.php\/wp-json\/wp\/v2\/users\/2"}],"replies":[{"embeddable":true,"href":"https:\/\/baons-le-comte.fr\/index.php\/wp-json\/wp\/v2\/comments?post=1199"}],"version-history":[{"count":6,"href":"https:\/\/baons-le-comte.fr\/index.php\/wp-json\/wp\/v2\/posts\/1199\/revisions"}],"predecessor-version":[{"id":1221,"href":"https:\/\/baons-le-comte.fr\/index.php\/wp-json\/wp\/v2\/posts\/1199\/revisions\/1221"}],"wp:featuredmedia":[{"embeddable":true,"href":"https:\/\/baons-le-comte.fr\/index.php\/wp-json\/wp\/v2\/media\/711"}],"wp:attachment":[{"href":"https:\/\/baons-le-comte.fr\/index.php\/wp-json\/wp\/v2\/media?parent=1199"}],"wp:term":[{"taxonomy":"category","embeddable":true,"href":"https:\/\/baons-le-comte.fr\/index.php\/wp-json\/wp\/v2\/categories?post=1199"},{"taxonomy":"post_tag","embeddable":true,"href":"https:\/\/baons-le-comte.fr\/index.php\/wp-json\/wp\/v2\/tags?post=1199"}],"curies":[{"name":"wp","href":"https:\/\/api.w.org\/{rel}","templated":true}]}}