{"id":1264,"date":"2018-05-14T17:09:57","date_gmt":"2018-05-14T16:09:57","guid":{"rendered":"http:\/\/baons-le-comte.fr\/?p=1264"},"modified":"2018-05-17T23:13:11","modified_gmt":"2018-05-17T21:13:11","slug":"commemoration-du-8-mai","status":"publish","type":"post","link":"https:\/\/baons-le-comte.fr\/index.php\/2018\/05\/14\/commemoration-du-8-mai\/","title":{"rendered":"COMM\u00c9MORATION DU 8 MAI"},"content":{"rendered":"<p><a href=\"https:\/\/baons-le-comte.fr\/wp-content\/uploads\/2018\/05\/20180508_095029.jpg\"><img loading=\"lazy\" decoding=\"async\" class=\"alignnone size-medium wp-image-1270\" src=\"https:\/\/baons-le-comte.fr\/wp-content\/uploads\/2018\/05\/20180508_095029-300x225.jpg\" alt=\"\" width=\"300\" height=\"225\" srcset=\"https:\/\/baons-le-comte.fr\/wp-content\/uploads\/2018\/05\/20180508_095029-300x225.jpg 300w, https:\/\/baons-le-comte.fr\/wp-content\/uploads\/2018\/05\/20180508_095029-768x576.jpg 768w, https:\/\/baons-le-comte.fr\/wp-content\/uploads\/2018\/05\/20180508_095029-1024x768.jpg 1024w\" sizes=\"(max-width: 300px) 100vw, 300px\" \/><\/a> <a href=\"https:\/\/baons-le-comte.fr\/wp-content\/uploads\/2018\/05\/20180508_095509.jpg\"><img loading=\"lazy\" decoding=\"async\" class=\"alignnone size-medium wp-image-1271\" src=\"https:\/\/baons-le-comte.fr\/wp-content\/uploads\/2018\/05\/20180508_095509-300x225.jpg\" alt=\"\" width=\"300\" height=\"225\" srcset=\"https:\/\/baons-le-comte.fr\/wp-content\/uploads\/2018\/05\/20180508_095509-300x225.jpg 300w, https:\/\/baons-le-comte.fr\/wp-content\/uploads\/2018\/05\/20180508_095509-768x576.jpg 768w, https:\/\/baons-le-comte.fr\/wp-content\/uploads\/2018\/05\/20180508_095509-1024x768.jpg 1024w\" sizes=\"(max-width: 300px) 100vw, 300px\" \/><\/a> <a href=\"https:\/\/baons-le-comte.fr\/wp-content\/uploads\/2018\/05\/20180508_105242.jpg\"><img loading=\"lazy\" decoding=\"async\" class=\"alignnone size-medium wp-image-1272\" src=\"https:\/\/baons-le-comte.fr\/wp-content\/uploads\/2018\/05\/20180508_105242-300x225.jpg\" alt=\"\" width=\"300\" height=\"225\" srcset=\"https:\/\/baons-le-comte.fr\/wp-content\/uploads\/2018\/05\/20180508_105242-300x225.jpg 300w, https:\/\/baons-le-comte.fr\/wp-content\/uploads\/2018\/05\/20180508_105242-768x576.jpg 768w, https:\/\/baons-le-comte.fr\/wp-content\/uploads\/2018\/05\/20180508_105242-1024x768.jpg 1024w\" sizes=\"(max-width: 300px) 100vw, 300px\" \/><\/a><\/p>\n<p>C&rsquo;est sous le soleil que nous avons d\u00e9pos\u00e9 au monument aux Morts de\u00a0 Baons le Comte, les gerbes des Anciens Combattants et de la Commune.<\/p>\n<p>Nous nous sommes dirig\u00e9s ensuite \u00e0 Veauville les Baons, pour rejoindre nos camarades afin d&rsquo;assister \u00e0 la c\u00e9r\u00e9monie c\u00e9l\u00e9br\u00e9e par Mr Alain Lefebvre, diacre accompagn\u00e9 des Caux M\u00e9lomanes.<\/p>\n<p>La pr\u00e9sidente R\u00e9gine Hauzay nous a r\u00e9uni autour du monument aux morts afin de rendre hommage \u00e0 tous les soldats morts durant les guerres du XX \u00e8me si\u00e8cle, une gerbe y f\u00fbt pos\u00e9e ainsi que sur la tombe des Anglais.<\/p>\n<p>Nous avons rejoint la salle communale o\u00f9 nous attendait un vin d&rsquo;honneur, apr\u00e8s la remise d&rsquo;une m\u00e9daille au porte-drapeau de Veauville, Mr Norbert Leclerc.<\/p>\n<p>&nbsp;<\/p>\n","protected":false},"excerpt":{"rendered":"<p>C&rsquo;est sous le soleil que nous avons d\u00e9pos\u00e9 au monument aux Morts de\u00a0 Baons le Comte, les gerbes des Anciens Combattants et de la Commune. Nous nous sommes dirig\u00e9s ensuite \u00e0 Veauville les Baons, pour rejoindre nos camarades afin d&rsquo;assister \u00e0 la c\u00e9r\u00e9monie c\u00e9l\u00e9br\u00e9e par Mr Alain Lefebvre, diacre accompagn\u00e9 des Caux M\u00e9lomanes. La pr\u00e9sidente &hellip; <a href=\"https:\/\/baons-le-comte.fr\/index.php\/2018\/05\/14\/commemoration-du-8-mai\/\" class=\"more-link\">Continuer la lecture de <span class=\"screen-reader-text\">COMM\u00c9MORATION DU 8 MAI<\/span>  <span class=\"meta-nav\">&rarr;<\/span><\/a><\/p>\n","protected":false},"author":2,"featured_media":1270,"comment_status":"closed","ping_status":"open","sticky":false,"template":"","format":"standard","meta":{"footnotes":""},"categories":[5],"tags":[],"class_list":["post-1264","post","type-post","status-publish","format-standard","has-post-thumbnail","hentry","category-actualite"],"aioseo_notices":[],"_links":{"self":[{"href":"https:\/\/baons-le-comte.fr\/index.php\/wp-json\/wp\/v2\/posts\/1264"}],"collection":[{"href":"https:\/\/baons-le-comte.fr\/index.php\/wp-json\/wp\/v2\/posts"}],"about":[{"href":"https:\/\/baons-le-comte.fr\/index.php\/wp-json\/wp\/v2\/types\/post"}],"author":[{"embeddable":true,"href":"https:\/\/baons-le-comte.fr\/index.php\/wp-json\/wp\/v2\/users\/2"}],"replies":[{"embeddable":true,"href":"https:\/\/baons-le-comte.fr\/index.php\/wp-json\/wp\/v2\/comments?post=1264"}],"version-history":[{"count":3,"href":"https:\/\/baons-le-comte.fr\/index.php\/wp-json\/wp\/v2\/posts\/1264\/revisions"}],"predecessor-version":[{"id":1288,"href":"https:\/\/baons-le-comte.fr\/index.php\/wp-json\/wp\/v2\/posts\/1264\/revisions\/1288"}],"wp:featuredmedia":[{"embeddable":true,"href":"https:\/\/baons-le-comte.fr\/index.php\/wp-json\/wp\/v2\/media\/1270"}],"wp:attachment":[{"href":"https:\/\/baons-le-comte.fr\/index.php\/wp-json\/wp\/v2\/media?parent=1264"}],"wp:term":[{"taxonomy":"category","embeddable":true,"href":"https:\/\/baons-le-comte.fr\/index.php\/wp-json\/wp\/v2\/categories?post=1264"},{"taxonomy":"post_tag","embeddable":true,"href":"https:\/\/baons-le-comte.fr\/index.php\/wp-json\/wp\/v2\/tags?post=1264"}],"curies":[{"name":"wp","href":"https:\/\/api.w.org\/{rel}","templated":true}]}}