{"id":1387,"date":"2018-07-16T17:37:53","date_gmt":"2018-07-16T15:37:53","guid":{"rendered":"http:\/\/baons-le-comte.fr\/?p=1387"},"modified":"2018-07-16T17:37:53","modified_gmt":"2018-07-16T15:37:53","slug":"nouvelles-de-juin-et-juillet-2018","status":"publish","type":"post","link":"https:\/\/baons-le-comte.fr\/index.php\/2018\/07\/16\/nouvelles-de-juin-et-juillet-2018\/","title":{"rendered":"NOUVELLES de JUIN et JUILLET 2018"},"content":{"rendered":"<p>Notre village a la tristesse d&rsquo;annoncer le d\u00e9c\u00e8s d&rsquo;un de ses habitants du quartier du Fay, Mr Daniel\u00a0 REMY le 29 Juin dernier.<\/p>\n<p>Nous avons appris ces jours derniers le d\u00e9c\u00e8s de Maxime Bouteiller fils de notre ancien cantonnier.<\/p>\n<p>Nous pr\u00e9sentons nos sinc\u00e8res condol\u00e9ances \u00e0\u00a0 leurs familles.<\/p>\n","protected":false},"excerpt":{"rendered":"<p>Notre village a la tristesse d&rsquo;annoncer le d\u00e9c\u00e8s d&rsquo;un de ses habitants du quartier du Fay, Mr Daniel\u00a0 REMY le 29 Juin dernier. Nous avons appris ces jours derniers le d\u00e9c\u00e8s de Maxime Bouteiller fils de notre ancien cantonnier. Nous pr\u00e9sentons nos sinc\u00e8res condol\u00e9ances \u00e0\u00a0 leurs familles.<\/p>\n","protected":false},"author":3,"featured_media":1071,"comment_status":"closed","ping_status":"open","sticky":false,"template":"","format":"standard","meta":{"footnotes":""},"categories":[5],"tags":[],"class_list":["post-1387","post","type-post","status-publish","format-standard","has-post-thumbnail","hentry","category-actualite"],"aioseo_notices":[],"_links":{"self":[{"href":"https:\/\/baons-le-comte.fr\/index.php\/wp-json\/wp\/v2\/posts\/1387"}],"collection":[{"href":"https:\/\/baons-le-comte.fr\/index.php\/wp-json\/wp\/v2\/posts"}],"about":[{"href":"https:\/\/baons-le-comte.fr\/index.php\/wp-json\/wp\/v2\/types\/post"}],"author":[{"embeddable":true,"href":"https:\/\/baons-le-comte.fr\/index.php\/wp-json\/wp\/v2\/users\/3"}],"replies":[{"embeddable":true,"href":"https:\/\/baons-le-comte.fr\/index.php\/wp-json\/wp\/v2\/comments?post=1387"}],"version-history":[{"count":1,"href":"https:\/\/baons-le-comte.fr\/index.php\/wp-json\/wp\/v2\/posts\/1387\/revisions"}],"predecessor-version":[{"id":1390,"href":"https:\/\/baons-le-comte.fr\/index.php\/wp-json\/wp\/v2\/posts\/1387\/revisions\/1390"}],"wp:featuredmedia":[{"embeddable":true,"href":"https:\/\/baons-le-comte.fr\/index.php\/wp-json\/wp\/v2\/media\/1071"}],"wp:attachment":[{"href":"https:\/\/baons-le-comte.fr\/index.php\/wp-json\/wp\/v2\/media?parent=1387"}],"wp:term":[{"taxonomy":"category","embeddable":true,"href":"https:\/\/baons-le-comte.fr\/index.php\/wp-json\/wp\/v2\/categories?post=1387"},{"taxonomy":"post_tag","embeddable":true,"href":"https:\/\/baons-le-comte.fr\/index.php\/wp-json\/wp\/v2\/tags?post=1387"}],"curies":[{"name":"wp","href":"https:\/\/api.w.org\/{rel}","templated":true}]}}