{"id":1511,"date":"2018-12-22T10:47:10","date_gmt":"2018-12-22T09:47:10","guid":{"rendered":"http:\/\/baons-le-comte.fr\/?p=1511"},"modified":"2019-01-25T19:48:41","modified_gmt":"2019-01-25T18:48:41","slug":"concours-organise-par-la-mediatheque","status":"publish","type":"post","link":"https:\/\/baons-le-comte.fr\/index.php\/2018\/12\/22\/concours-organise-par-la-mediatheque\/","title":{"rendered":"CONCOURS ORGANISE PAR LA MEDIATHEQUE"},"content":{"rendered":"<p>\u00a0<\/p>\n<p>Pour les 40 ans de la M\u00e9diath\u00e8que, un concours est organis\u00e9 en association avec les 20 communes d&rsquo;Yvetot Normandie du 14 d\u00e9cembre 2018 au 19 Janvier 2019.<br \/>Vous devez retrouver les collages de Fred LE CHEVALIER, r\u00e9partis dans chacun de ces villages et surtout vous photographier devant et pour plus de renseignements aller sur le site: <a href=\"https:\/\/mediatheque-ccry.fr\/\">mediatheque.ccry.fr<\/a> ou tel au 02 35 95 01 13<\/p>\n\n\n<figure class=\"wp-block-image\"><img loading=\"lazy\" decoding=\"async\" width=\"600\" height=\"245\" src=\"https:\/\/baons-le-comte.fr\/wp-content\/uploads\/2018\/12\/mediatheque.jpg\" alt=\"\" class=\"wp-image-1576\" srcset=\"https:\/\/baons-le-comte.fr\/wp-content\/uploads\/2018\/12\/mediatheque.jpg 600w, https:\/\/baons-le-comte.fr\/wp-content\/uploads\/2018\/12\/mediatheque-300x123.jpg 300w\" sizes=\"(max-width: 600px) 100vw, 600px\" \/><\/figure>\n\n\n\n<p> <\/p>\n","protected":false},"excerpt":{"rendered":"<p>\u00a0 Pour les 40 ans de la M\u00e9diath\u00e8que, un concours est organis\u00e9 en association avec les 20 communes d&rsquo;Yvetot Normandie du 14 d\u00e9cembre 2018 au 19 Janvier 2019.Vous devez retrouver les collages de Fred LE CHEVALIER, r\u00e9partis dans chacun de ces villages et surtout vous photographier devant et pour plus de renseignements aller sur le &hellip; <a href=\"https:\/\/baons-le-comte.fr\/index.php\/2018\/12\/22\/concours-organise-par-la-mediatheque\/\" class=\"more-link\">Continuer la lecture de <span class=\"screen-reader-text\">CONCOURS ORGANISE PAR LA MEDIATHEQUE<\/span>  <span class=\"meta-nav\">&rarr;<\/span><\/a><\/p>\n","protected":false},"author":2,"featured_media":1576,"comment_status":"closed","ping_status":"open","sticky":false,"template":"","format":"standard","meta":{"footnotes":""},"categories":[5],"tags":[],"class_list":["post-1511","post","type-post","status-publish","format-standard","has-post-thumbnail","hentry","category-actualite"],"aioseo_notices":[],"_links":{"self":[{"href":"https:\/\/baons-le-comte.fr\/index.php\/wp-json\/wp\/v2\/posts\/1511"}],"collection":[{"href":"https:\/\/baons-le-comte.fr\/index.php\/wp-json\/wp\/v2\/posts"}],"about":[{"href":"https:\/\/baons-le-comte.fr\/index.php\/wp-json\/wp\/v2\/types\/post"}],"author":[{"embeddable":true,"href":"https:\/\/baons-le-comte.fr\/index.php\/wp-json\/wp\/v2\/users\/2"}],"replies":[{"embeddable":true,"href":"https:\/\/baons-le-comte.fr\/index.php\/wp-json\/wp\/v2\/comments?post=1511"}],"version-history":[{"count":7,"href":"https:\/\/baons-le-comte.fr\/index.php\/wp-json\/wp\/v2\/posts\/1511\/revisions"}],"predecessor-version":[{"id":1577,"href":"https:\/\/baons-le-comte.fr\/index.php\/wp-json\/wp\/v2\/posts\/1511\/revisions\/1577"}],"wp:featuredmedia":[{"embeddable":true,"href":"https:\/\/baons-le-comte.fr\/index.php\/wp-json\/wp\/v2\/media\/1576"}],"wp:attachment":[{"href":"https:\/\/baons-le-comte.fr\/index.php\/wp-json\/wp\/v2\/media?parent=1511"}],"wp:term":[{"taxonomy":"category","embeddable":true,"href":"https:\/\/baons-le-comte.fr\/index.php\/wp-json\/wp\/v2\/categories?post=1511"},{"taxonomy":"post_tag","embeddable":true,"href":"https:\/\/baons-le-comte.fr\/index.php\/wp-json\/wp\/v2\/tags?post=1511"}],"curies":[{"name":"wp","href":"https:\/\/api.w.org\/{rel}","templated":true}]}}