{"id":1521,"date":"2018-12-22T10:55:54","date_gmt":"2018-12-22T09:55:54","guid":{"rendered":"http:\/\/baons-le-comte.fr\/?p=1521"},"modified":"2018-12-22T10:59:09","modified_gmt":"2018-12-22T09:59:09","slug":"ceremonie-du-5-decembre","status":"publish","type":"post","link":"https:\/\/baons-le-comte.fr\/index.php\/2018\/12\/22\/ceremonie-du-5-decembre\/","title":{"rendered":"CEREMONIE DU 5 DECEMBRE"},"content":{"rendered":"\n<p>L&rsquo;amicale des Anciens Combattants a \u00e9t\u00e9 invit\u00e9e comme chaque ann\u00e9e, \u00e0 la Comm\u00e9moration de la Journ\u00e9e nationale d&rsquo;hommage aux morts pour la France pendant la guerre d\u2019Alg\u00e9rie et des combats du Maroc et de la Tunisie. <\/p>\n\n\n\n<p>Baons le Comte \u00e9tait repr\u00e9sent\u00e9 par son porte drapeau Mr Duval Jean et sa Pr\u00e9sidente et Raphael Dirand.<\/p>\n","protected":false},"excerpt":{"rendered":"<p>L&rsquo;amicale des Anciens Combattants a \u00e9t\u00e9 invit\u00e9e comme chaque ann\u00e9e, \u00e0 la Comm\u00e9moration de la Journ\u00e9e nationale d&rsquo;hommage aux morts pour la France pendant la guerre d\u2019Alg\u00e9rie et des combats du Maroc et de la Tunisie. Baons le Comte \u00e9tait repr\u00e9sent\u00e9 par son porte drapeau Mr Duval Jean et sa Pr\u00e9sidente et Raphael Dirand.<\/p>\n","protected":false},"author":3,"featured_media":1072,"comment_status":"closed","ping_status":"open","sticky":false,"template":"","format":"standard","meta":{"footnotes":""},"categories":[5,8],"tags":[],"class_list":["post-1521","post","type-post","status-publish","format-standard","has-post-thumbnail","hentry","category-actualite","category-associations"],"aioseo_notices":[],"_links":{"self":[{"href":"https:\/\/baons-le-comte.fr\/index.php\/wp-json\/wp\/v2\/posts\/1521"}],"collection":[{"href":"https:\/\/baons-le-comte.fr\/index.php\/wp-json\/wp\/v2\/posts"}],"about":[{"href":"https:\/\/baons-le-comte.fr\/index.php\/wp-json\/wp\/v2\/types\/post"}],"author":[{"embeddable":true,"href":"https:\/\/baons-le-comte.fr\/index.php\/wp-json\/wp\/v2\/users\/3"}],"replies":[{"embeddable":true,"href":"https:\/\/baons-le-comte.fr\/index.php\/wp-json\/wp\/v2\/comments?post=1521"}],"version-history":[{"count":1,"href":"https:\/\/baons-le-comte.fr\/index.php\/wp-json\/wp\/v2\/posts\/1521\/revisions"}],"predecessor-version":[{"id":1522,"href":"https:\/\/baons-le-comte.fr\/index.php\/wp-json\/wp\/v2\/posts\/1521\/revisions\/1522"}],"wp:featuredmedia":[{"embeddable":true,"href":"https:\/\/baons-le-comte.fr\/index.php\/wp-json\/wp\/v2\/media\/1072"}],"wp:attachment":[{"href":"https:\/\/baons-le-comte.fr\/index.php\/wp-json\/wp\/v2\/media?parent=1521"}],"wp:term":[{"taxonomy":"category","embeddable":true,"href":"https:\/\/baons-le-comte.fr\/index.php\/wp-json\/wp\/v2\/categories?post=1521"},{"taxonomy":"post_tag","embeddable":true,"href":"https:\/\/baons-le-comte.fr\/index.php\/wp-json\/wp\/v2\/tags?post=1521"}],"curies":[{"name":"wp","href":"https:\/\/api.w.org\/{rel}","templated":true}]}}