{"id":1661,"date":"2019-03-15T12:47:34","date_gmt":"2019-03-15T11:47:34","guid":{"rendered":"http:\/\/baons-le-comte.fr\/?p=1661"},"modified":"2019-03-29T17:13:21","modified_gmt":"2019-03-29T16:13:21","slug":"amicale-des-anciens-combattants","status":"publish","type":"post","link":"https:\/\/baons-le-comte.fr\/index.php\/2019\/03\/15\/amicale-des-anciens-combattants\/","title":{"rendered":"AMICALE DES ANCIENS COMBATTANTS"},"content":{"rendered":"<p>LE MERCREDI 6 MARS 2019 \u00e0 18h s&rsquo;est tenu \u00e0 la mairie l&rsquo;Assembl\u00e9e g\u00e9n\u00e9rale<br>\nde notre Amicale. Le Maire, Monsieur Rapha\u00ebl DIRAND, a souhait\u00e9 la bienvenue \u00e0 tous. Monsieur Andr\u00e9 SERY, notre Pr\u00e9sident honoraire, a remerci\u00e9, Madame Myl\u00e8ne DUBUISSON d&rsquo;avoir accept\u00e9 d&rsquo;en prendre la  succession au 1er janvier 2019.<br>\nCelle-ci souhaita \u00e0 son tour une cordiale bienvenue \u00e0 tous, puis passa la parole \u00e0 notre tr\u00e9sorier, Monsieur Jean SZSCEPSKI qui nous fit avec brio le bilan financier de l&rsquo;ann\u00e9e 2018. Nous l&rsquo;en remercions vivement.<br>\nMonsieur Yves BEAUNAY, notre Secr\u00e9taire, nous donna ensuite le rapport de nos sorties et demanda \u00e0 tous des id\u00e9es en pr\u00e9vision des sorties 2019. Il nous informa que 4 nouveaux sympathisants s&rsquo;\u00e9taient inscrits.<br>\nLa soir\u00e9e se termina par la traditionnelle brioche et le verre de l&rsquo;amiti\u00e9.<\/p>\n\n\n<figure class=\"wp-block-image\"><img loading=\"lazy\" decoding=\"async\" width=\"1024\" height=\"768\" src=\"https:\/\/baons-le-comte.fr\/wp-content\/uploads\/2018\/03\/20180308_184929-1024x768.jpg\" alt=\"\" class=\"wp-image-1206\" srcset=\"https:\/\/baons-le-comte.fr\/wp-content\/uploads\/2018\/03\/20180308_184929-1024x768.jpg 1024w, https:\/\/baons-le-comte.fr\/wp-content\/uploads\/2018\/03\/20180308_184929-300x225.jpg 300w, https:\/\/baons-le-comte.fr\/wp-content\/uploads\/2018\/03\/20180308_184929-768x576.jpg 768w\" sizes=\"(max-width: 1024px) 100vw, 1024px\" \/><\/figure>\n","protected":false},"excerpt":{"rendered":"<p>LE MERCREDI 6 MARS 2019 \u00e0 18h s&rsquo;est tenu \u00e0 la mairie l&rsquo;Assembl\u00e9e g\u00e9n\u00e9rale de notre Amicale. Le Maire, Monsieur Rapha\u00ebl DIRAND, a souhait\u00e9 la bienvenue \u00e0 tous. Monsieur Andr\u00e9 SERY, notre Pr\u00e9sident honoraire, a remerci\u00e9, Madame Myl\u00e8ne DUBUISSON d&rsquo;avoir accept\u00e9 d&rsquo;en prendre la succession au 1er janvier 2019. Celle-ci souhaita \u00e0 son tour une &hellip; <a href=\"https:\/\/baons-le-comte.fr\/index.php\/2019\/03\/15\/amicale-des-anciens-combattants\/\" class=\"more-link\">Continuer la lecture de <span class=\"screen-reader-text\">AMICALE DES ANCIENS COMBATTANTS<\/span>  <span class=\"meta-nav\">&rarr;<\/span><\/a><\/p>\n","protected":false},"author":2,"featured_media":1205,"comment_status":"closed","ping_status":"open","sticky":false,"template":"","format":"standard","meta":{"footnotes":""},"categories":[8],"tags":[],"class_list":["post-1661","post","type-post","status-publish","format-standard","has-post-thumbnail","hentry","category-associations"],"aioseo_notices":[],"_links":{"self":[{"href":"https:\/\/baons-le-comte.fr\/index.php\/wp-json\/wp\/v2\/posts\/1661"}],"collection":[{"href":"https:\/\/baons-le-comte.fr\/index.php\/wp-json\/wp\/v2\/posts"}],"about":[{"href":"https:\/\/baons-le-comte.fr\/index.php\/wp-json\/wp\/v2\/types\/post"}],"author":[{"embeddable":true,"href":"https:\/\/baons-le-comte.fr\/index.php\/wp-json\/wp\/v2\/users\/2"}],"replies":[{"embeddable":true,"href":"https:\/\/baons-le-comte.fr\/index.php\/wp-json\/wp\/v2\/comments?post=1661"}],"version-history":[{"count":2,"href":"https:\/\/baons-le-comte.fr\/index.php\/wp-json\/wp\/v2\/posts\/1661\/revisions"}],"predecessor-version":[{"id":1665,"href":"https:\/\/baons-le-comte.fr\/index.php\/wp-json\/wp\/v2\/posts\/1661\/revisions\/1665"}],"wp:featuredmedia":[{"embeddable":true,"href":"https:\/\/baons-le-comte.fr\/index.php\/wp-json\/wp\/v2\/media\/1205"}],"wp:attachment":[{"href":"https:\/\/baons-le-comte.fr\/index.php\/wp-json\/wp\/v2\/media?parent=1661"}],"wp:term":[{"taxonomy":"category","embeddable":true,"href":"https:\/\/baons-le-comte.fr\/index.php\/wp-json\/wp\/v2\/categories?post=1661"},{"taxonomy":"post_tag","embeddable":true,"href":"https:\/\/baons-le-comte.fr\/index.php\/wp-json\/wp\/v2\/tags?post=1661"}],"curies":[{"name":"wp","href":"https:\/\/api.w.org\/{rel}","templated":true}]}}