{"id":1663,"date":"2019-03-22T16:35:35","date_gmt":"2019-03-22T15:35:35","guid":{"rendered":"http:\/\/baons-le-comte.fr\/?p=1663"},"modified":"2019-03-22T16:36:48","modified_gmt":"2019-03-22T15:36:48","slug":"modification-au-sein-du-conseil-municipal","status":"publish","type":"post","link":"https:\/\/baons-le-comte.fr\/index.php\/2019\/03\/22\/modification-au-sein-du-conseil-municipal\/","title":{"rendered":"MODIFICATION au sein du CONSEIL MUNICIPAL"},"content":{"rendered":"<p>En date du 15 Mars 2019, il a \u00e9t\u00e9 proc\u00e9d\u00e9 au remplacement de Monsieur Thierry CHANDELIER, 2\u00e8me adjoint  d\u00e9missionnaire \u00e0 la date du  31 d\u00e9cembre 2018. Sur proposition de Rapha\u00ebl DIRAND, Maire, le  Conseil Municipal  a \u00e9lu Fran\u00e7oise LEMONNIER, 3\u00e8me Adjointe. Myl\u00e8ne DUBUISSON a acc\u00e9d\u00e9 au titre de 2\u00e9me Adjointe.<\/p>\n\n\n<figure class=\"wp-block-image\"><img loading=\"lazy\" decoding=\"async\" width=\"1024\" height=\"768\" src=\"https:\/\/baons-le-comte.fr\/wp-content\/uploads\/2016\/11\/SAM_0201-1024x768.jpg\" alt=\"\" class=\"wp-image-250\" srcset=\"https:\/\/baons-le-comte.fr\/wp-content\/uploads\/2016\/11\/SAM_0201-1024x768.jpg 1024w, https:\/\/baons-le-comte.fr\/wp-content\/uploads\/2016\/11\/SAM_0201-300x225.jpg 300w, https:\/\/baons-le-comte.fr\/wp-content\/uploads\/2016\/11\/SAM_0201-768x576.jpg 768w\" sizes=\"(max-width: 1024px) 100vw, 1024px\" \/><\/figure>\n","protected":false},"excerpt":{"rendered":"<p>En date du 15 Mars 2019, il a \u00e9t\u00e9 proc\u00e9d\u00e9 au remplacement de Monsieur Thierry CHANDELIER, 2\u00e8me adjoint d\u00e9missionnaire \u00e0 la date du 31 d\u00e9cembre 2018. Sur proposition de Rapha\u00ebl DIRAND, Maire, le Conseil Municipal a \u00e9lu Fran\u00e7oise LEMONNIER, 3\u00e8me Adjointe. Myl\u00e8ne DUBUISSON a acc\u00e9d\u00e9 au titre de 2\u00e9me Adjointe.<\/p>\n","protected":false},"author":2,"featured_media":250,"comment_status":"closed","ping_status":"open","sticky":false,"template":"","format":"standard","meta":{"footnotes":""},"categories":[5],"tags":[],"class_list":["post-1663","post","type-post","status-publish","format-standard","has-post-thumbnail","hentry","category-actualite"],"aioseo_notices":[],"_links":{"self":[{"href":"https:\/\/baons-le-comte.fr\/index.php\/wp-json\/wp\/v2\/posts\/1663"}],"collection":[{"href":"https:\/\/baons-le-comte.fr\/index.php\/wp-json\/wp\/v2\/posts"}],"about":[{"href":"https:\/\/baons-le-comte.fr\/index.php\/wp-json\/wp\/v2\/types\/post"}],"author":[{"embeddable":true,"href":"https:\/\/baons-le-comte.fr\/index.php\/wp-json\/wp\/v2\/users\/2"}],"replies":[{"embeddable":true,"href":"https:\/\/baons-le-comte.fr\/index.php\/wp-json\/wp\/v2\/comments?post=1663"}],"version-history":[{"count":2,"href":"https:\/\/baons-le-comte.fr\/index.php\/wp-json\/wp\/v2\/posts\/1663\/revisions"}],"predecessor-version":[{"id":1681,"href":"https:\/\/baons-le-comte.fr\/index.php\/wp-json\/wp\/v2\/posts\/1663\/revisions\/1681"}],"wp:featuredmedia":[{"embeddable":true,"href":"https:\/\/baons-le-comte.fr\/index.php\/wp-json\/wp\/v2\/media\/250"}],"wp:attachment":[{"href":"https:\/\/baons-le-comte.fr\/index.php\/wp-json\/wp\/v2\/media?parent=1663"}],"wp:term":[{"taxonomy":"category","embeddable":true,"href":"https:\/\/baons-le-comte.fr\/index.php\/wp-json\/wp\/v2\/categories?post=1663"},{"taxonomy":"post_tag","embeddable":true,"href":"https:\/\/baons-le-comte.fr\/index.php\/wp-json\/wp\/v2\/tags?post=1663"}],"curies":[{"name":"wp","href":"https:\/\/api.w.org\/{rel}","templated":true}]}}