{"id":1671,"date":"2019-03-22T16:33:01","date_gmt":"2019-03-22T15:33:01","guid":{"rendered":"http:\/\/baons-le-comte.fr\/?p=1671"},"modified":"2019-03-22T16:33:03","modified_gmt":"2019-03-22T15:33:03","slug":"club-des-aines-3","status":"publish","type":"post","link":"https:\/\/baons-le-comte.fr\/index.php\/2019\/03\/22\/club-des-aines-3\/","title":{"rendered":"CLUB DES AINES"},"content":{"rendered":"<p>C&rsquo;est \u00e0 la fin de notre go\u00fbter mensuel de mars, que nous avons fait notre Assembl\u00e9e g\u00e9n\u00e9rale. Une vingtaine de membres \u00e9taient pr\u00e9sents. Se sont joints \u00e0 nous la responsable des associations, Myl\u00e8ne DUBUISSON, puis Rapha\u00ebl DIRAND, le Maire de Baons-le-Comte.<br>\nFran\u00e7oise LEMONNIER, la Pr\u00e9sidente, souhaita la bienvenue \u00e0 tous&nbsp; et passa la parole \u00e0 Yvette PICARD la Tr\u00e9sori\u00e8re, qui nous fit le compte- rendu des d\u00e9penses et des recettes annuelles de l&rsquo;Association. Celui-ci fut accept\u00e9 \u00e0 l&rsquo;unanimit\u00e9.<br>\nQuelques questions furent pos\u00e9es afin d&rsquo;organiser en 2019 des sorties en groupe. Nous attendons quelques suggestions, mais il est devenu assez difficile de se projeter : car tous n&rsquo;ont plus la possibilit\u00e9 de faire des marches trop longues.<br>\nUn repas est toujours le bienvenu et le co-voiturage fonctionne bien.<br>\nEt avant de nous quitter, la Pr\u00e9sidente offrit, apr\u00e8s les remerciements d&rsquo;usage, des biscuits de Reims et le verre d&rsquo;un Muscat avec des \u00ab\u00a0bulles\u00a0\u00bb.<\/p>\n\n\n<figure class=\"wp-block-image\"><img loading=\"lazy\" decoding=\"async\" width=\"1024\" height=\"768\" src=\"https:\/\/baons-le-comte.fr\/wp-content\/uploads\/2018\/03\/20180314_151742-1024x768.jpg\" alt=\"\" class=\"wp-image-1228\" srcset=\"https:\/\/baons-le-comte.fr\/wp-content\/uploads\/2018\/03\/20180314_151742-1024x768.jpg 1024w, https:\/\/baons-le-comte.fr\/wp-content\/uploads\/2018\/03\/20180314_151742-300x225.jpg 300w, https:\/\/baons-le-comte.fr\/wp-content\/uploads\/2018\/03\/20180314_151742-768x576.jpg 768w\" sizes=\"(max-width: 1024px) 100vw, 1024px\" \/><\/figure>\n","protected":false},"excerpt":{"rendered":"<p>C&rsquo;est \u00e0 la fin de notre go\u00fbter mensuel de mars, que nous avons fait notre Assembl\u00e9e g\u00e9n\u00e9rale. Une vingtaine de membres \u00e9taient pr\u00e9sents. Se sont joints \u00e0 nous la responsable des associations, Myl\u00e8ne DUBUISSON, puis Rapha\u00ebl DIRAND, le Maire de Baons-le-Comte. Fran\u00e7oise LEMONNIER, la Pr\u00e9sidente, souhaita la bienvenue \u00e0 tous&nbsp; et passa la parole \u00e0 &hellip; <a href=\"https:\/\/baons-le-comte.fr\/index.php\/2019\/03\/22\/club-des-aines-3\/\" class=\"more-link\">Continuer la lecture de <span class=\"screen-reader-text\">CLUB DES AINES<\/span>  <span class=\"meta-nav\">&rarr;<\/span><\/a><\/p>\n","protected":false},"author":3,"featured_media":1227,"comment_status":"closed","ping_status":"open","sticky":false,"template":"","format":"standard","meta":{"footnotes":""},"categories":[5],"tags":[],"class_list":["post-1671","post","type-post","status-publish","format-standard","has-post-thumbnail","hentry","category-actualite"],"aioseo_notices":[],"_links":{"self":[{"href":"https:\/\/baons-le-comte.fr\/index.php\/wp-json\/wp\/v2\/posts\/1671"}],"collection":[{"href":"https:\/\/baons-le-comte.fr\/index.php\/wp-json\/wp\/v2\/posts"}],"about":[{"href":"https:\/\/baons-le-comte.fr\/index.php\/wp-json\/wp\/v2\/types\/post"}],"author":[{"embeddable":true,"href":"https:\/\/baons-le-comte.fr\/index.php\/wp-json\/wp\/v2\/users\/3"}],"replies":[{"embeddable":true,"href":"https:\/\/baons-le-comte.fr\/index.php\/wp-json\/wp\/v2\/comments?post=1671"}],"version-history":[{"count":3,"href":"https:\/\/baons-le-comte.fr\/index.php\/wp-json\/wp\/v2\/posts\/1671\/revisions"}],"predecessor-version":[{"id":1680,"href":"https:\/\/baons-le-comte.fr\/index.php\/wp-json\/wp\/v2\/posts\/1671\/revisions\/1680"}],"wp:featuredmedia":[{"embeddable":true,"href":"https:\/\/baons-le-comte.fr\/index.php\/wp-json\/wp\/v2\/media\/1227"}],"wp:attachment":[{"href":"https:\/\/baons-le-comte.fr\/index.php\/wp-json\/wp\/v2\/media?parent=1671"}],"wp:term":[{"taxonomy":"category","embeddable":true,"href":"https:\/\/baons-le-comte.fr\/index.php\/wp-json\/wp\/v2\/categories?post=1671"},{"taxonomy":"post_tag","embeddable":true,"href":"https:\/\/baons-le-comte.fr\/index.php\/wp-json\/wp\/v2\/tags?post=1671"}],"curies":[{"name":"wp","href":"https:\/\/api.w.org\/{rel}","templated":true}]}}