{"id":1678,"date":"2019-03-22T16:42:48","date_gmt":"2019-03-22T15:42:48","guid":{"rendered":"http:\/\/baons-le-comte.fr\/?p=1678"},"modified":"2019-03-22T16:42:49","modified_gmt":"2019-03-22T15:42:49","slug":"repas-des-anciens-2019","status":"publish","type":"post","link":"https:\/\/baons-le-comte.fr\/index.php\/2019\/03\/22\/repas-des-anciens-2019\/","title":{"rendered":"REPAS DES ANCIENS 2019"},"content":{"rendered":"\n<p>Le C.C.A.S. de BAONS-LE-COMTE avait convi\u00e9 les Anciens pour leur traditionnel Repas annuel. Quarante-cinq personnes \u00e9taient pr\u00e9sentes, heureuses de se revoir ou de faire connaissance . Certains pour la premi\u00e8re fois, comme Paulette BEAUFILS, Alain LEFEBVRE et Jacky SANTAIS. Les deux plus \u00e2g\u00e9s \u00e9taient, cette ann\u00e9e, Huguette DEVARIEUX chez les Dames et Christian BEUZELIN chez les Hommes.<\/p>\n\n\n\n<p>C&rsquo;est par un temps bien normand que nous nous sommes retrouv\u00e9s, le dimanche 10 Mars 2019, \u00e0 la Brasserie de l&rsquo;ETANG \u00e0 SAINT WANDRILLE-RANCON.<\/p>\n\n\n\n<p>La journ\u00e9e s&rsquo;est termin\u00e9e vers 18 h et tous semblaient ravis de ce partage. Ils avaient bien appr\u00e9ci\u00e9 le repas choisi par les membres du C.C.A.S. et les assiettes sont reparties bien vides&#8230;.<\/p>\n\n\n\n<p>Quelques-uns ont eu droit sur le chemin du retour \u00e0 un contr\u00f4le d&rsquo;alcool\u00e9mie, mais la mod\u00e9ration avait \u00e9t\u00e9 inscrite au programme&#8230;..<\/p>\n\n\n\n<p><br><\/p>\n\n\n\n<figure class=\"wp-block-image\"><img loading=\"lazy\" decoding=\"async\" width=\"577\" height=\"1024\" src=\"https:\/\/baons-le-comte.fr\/wp-content\/uploads\/2019\/03\/WP_20190310_13_02_08_Pro-577x1024.jpg\" alt=\"\" class=\"wp-image-1658\" srcset=\"https:\/\/baons-le-comte.fr\/wp-content\/uploads\/2019\/03\/WP_20190310_13_02_08_Pro-577x1024.jpg 577w, https:\/\/baons-le-comte.fr\/wp-content\/uploads\/2019\/03\/WP_20190310_13_02_08_Pro-169x300.jpg 169w, https:\/\/baons-le-comte.fr\/wp-content\/uploads\/2019\/03\/WP_20190310_13_02_08_Pro.jpg 736w\" sizes=\"(max-width: 577px) 100vw, 577px\" \/><\/figure>\n\n\n\n<figure class=\"wp-block-image\"><img loading=\"lazy\" decoding=\"async\" width=\"577\" height=\"1024\" src=\"https:\/\/baons-le-comte.fr\/wp-content\/uploads\/2019\/03\/WP_20190310_13_00_54_Pro-577x1024.jpg\" alt=\"\" class=\"wp-image-1657\" srcset=\"https:\/\/baons-le-comte.fr\/wp-content\/uploads\/2019\/03\/WP_20190310_13_00_54_Pro-577x1024.jpg 577w, https:\/\/baons-le-comte.fr\/wp-content\/uploads\/2019\/03\/WP_20190310_13_00_54_Pro-169x300.jpg 169w, https:\/\/baons-le-comte.fr\/wp-content\/uploads\/2019\/03\/WP_20190310_13_00_54_Pro.jpg 736w\" sizes=\"(max-width: 577px) 100vw, 577px\" \/><\/figure>\n\n\n\n<figure class=\"wp-block-image\"><img loading=\"lazy\" decoding=\"async\" width=\"577\" height=\"1024\" src=\"https:\/\/baons-le-comte.fr\/wp-content\/uploads\/2019\/03\/WP_20190310_13_00_22_Pro-577x1024.jpg\" alt=\"\" class=\"wp-image-1656\" srcset=\"https:\/\/baons-le-comte.fr\/wp-content\/uploads\/2019\/03\/WP_20190310_13_00_22_Pro-577x1024.jpg 577w, https:\/\/baons-le-comte.fr\/wp-content\/uploads\/2019\/03\/WP_20190310_13_00_22_Pro-169x300.jpg 169w, https:\/\/baons-le-comte.fr\/wp-content\/uploads\/2019\/03\/WP_20190310_13_00_22_Pro.jpg 736w\" sizes=\"(max-width: 577px) 100vw, 577px\" \/><\/figure>\n\n\n\n<figure class=\"wp-block-image\"><img loading=\"lazy\" decoding=\"async\" width=\"577\" height=\"1024\" src=\"https:\/\/baons-le-comte.fr\/wp-content\/uploads\/2019\/03\/WP_20190310_12_54_39_Pro-577x1024.jpg\" alt=\"\" class=\"wp-image-1654\" srcset=\"https:\/\/baons-le-comte.fr\/wp-content\/uploads\/2019\/03\/WP_20190310_12_54_39_Pro-577x1024.jpg 577w, https:\/\/baons-le-comte.fr\/wp-content\/uploads\/2019\/03\/WP_20190310_12_54_39_Pro-169x300.jpg 169w, https:\/\/baons-le-comte.fr\/wp-content\/uploads\/2019\/03\/WP_20190310_12_54_39_Pro.jpg 736w\" sizes=\"(max-width: 577px) 100vw, 577px\" \/><\/figure>\n\n\n\n<figure class=\"wp-block-image\"><img loading=\"lazy\" decoding=\"async\" width=\"577\" height=\"1024\" src=\"https:\/\/baons-le-comte.fr\/wp-content\/uploads\/2019\/03\/WP_20190310_12_54_42_Pro-577x1024.jpg\" alt=\"\" class=\"wp-image-1655\" srcset=\"https:\/\/baons-le-comte.fr\/wp-content\/uploads\/2019\/03\/WP_20190310_12_54_42_Pro-577x1024.jpg 577w, https:\/\/baons-le-comte.fr\/wp-content\/uploads\/2019\/03\/WP_20190310_12_54_42_Pro-169x300.jpg 169w, https:\/\/baons-le-comte.fr\/wp-content\/uploads\/2019\/03\/WP_20190310_12_54_42_Pro.jpg 736w\" sizes=\"(max-width: 577px) 100vw, 577px\" \/><\/figure>\n\n\n\n<figure class=\"wp-block-image\"><img loading=\"lazy\" decoding=\"async\" width=\"1024\" height=\"768\" src=\"https:\/\/baons-le-comte.fr\/wp-content\/uploads\/2019\/03\/20190310_130645-1024x768.jpg\" alt=\"\" class=\"wp-image-1651\" srcset=\"https:\/\/baons-le-comte.fr\/wp-content\/uploads\/2019\/03\/20190310_130645-1024x768.jpg 1024w, https:\/\/baons-le-comte.fr\/wp-content\/uploads\/2019\/03\/20190310_130645-300x225.jpg 300w, https:\/\/baons-le-comte.fr\/wp-content\/uploads\/2019\/03\/20190310_130645-768x576.jpg 768w\" sizes=\"(max-width: 1024px) 100vw, 1024px\" \/><\/figure>\n\n\n\n<figure class=\"wp-block-image\"><img loading=\"lazy\" decoding=\"async\" width=\"768\" height=\"1024\" src=\"https:\/\/baons-le-comte.fr\/wp-content\/uploads\/2019\/03\/20190310_130309-768x1024.jpg\" alt=\"\" class=\"wp-image-1645\" srcset=\"https:\/\/baons-le-comte.fr\/wp-content\/uploads\/2019\/03\/20190310_130309-768x1024.jpg 768w, https:\/\/baons-le-comte.fr\/wp-content\/uploads\/2019\/03\/20190310_130309-225x300.jpg 225w, https:\/\/baons-le-comte.fr\/wp-content\/uploads\/2019\/03\/20190310_130309.jpg 1555w\" sizes=\"(max-width: 768px) 100vw, 768px\" \/><\/figure>\n","protected":false},"excerpt":{"rendered":"<p>Le C.C.A.S. de BAONS-LE-COMTE avait convi\u00e9 les Anciens pour leur traditionnel Repas annuel. Quarante-cinq personnes \u00e9taient pr\u00e9sentes, heureuses de se revoir ou de faire connaissance . Certains pour la premi\u00e8re fois, comme Paulette BEAUFILS, Alain LEFEBVRE et Jacky SANTAIS. Les deux plus \u00e2g\u00e9s \u00e9taient, cette ann\u00e9e, Huguette DEVARIEUX chez les Dames et Christian BEUZELIN chez &hellip; <a href=\"https:\/\/baons-le-comte.fr\/index.php\/2019\/03\/22\/repas-des-anciens-2019\/\" class=\"more-link\">Continuer la lecture de <span class=\"screen-reader-text\">REPAS DES ANCIENS 2019<\/span>  <span class=\"meta-nav\">&rarr;<\/span><\/a><\/p>\n","protected":false},"author":3,"featured_media":1653,"comment_status":"closed","ping_status":"open","sticky":false,"template":"","format":"standard","meta":{"footnotes":""},"categories":[5],"tags":[],"class_list":["post-1678","post","type-post","status-publish","format-standard","has-post-thumbnail","hentry","category-actualite"],"aioseo_notices":[],"_links":{"self":[{"href":"https:\/\/baons-le-comte.fr\/index.php\/wp-json\/wp\/v2\/posts\/1678"}],"collection":[{"href":"https:\/\/baons-le-comte.fr\/index.php\/wp-json\/wp\/v2\/posts"}],"about":[{"href":"https:\/\/baons-le-comte.fr\/index.php\/wp-json\/wp\/v2\/types\/post"}],"author":[{"embeddable":true,"href":"https:\/\/baons-le-comte.fr\/index.php\/wp-json\/wp\/v2\/users\/3"}],"replies":[{"embeddable":true,"href":"https:\/\/baons-le-comte.fr\/index.php\/wp-json\/wp\/v2\/comments?post=1678"}],"version-history":[{"count":1,"href":"https:\/\/baons-le-comte.fr\/index.php\/wp-json\/wp\/v2\/posts\/1678\/revisions"}],"predecessor-version":[{"id":1682,"href":"https:\/\/baons-le-comte.fr\/index.php\/wp-json\/wp\/v2\/posts\/1678\/revisions\/1682"}],"wp:featuredmedia":[{"embeddable":true,"href":"https:\/\/baons-le-comte.fr\/index.php\/wp-json\/wp\/v2\/media\/1653"}],"wp:attachment":[{"href":"https:\/\/baons-le-comte.fr\/index.php\/wp-json\/wp\/v2\/media?parent=1678"}],"wp:term":[{"taxonomy":"category","embeddable":true,"href":"https:\/\/baons-le-comte.fr\/index.php\/wp-json\/wp\/v2\/categories?post=1678"},{"taxonomy":"post_tag","embeddable":true,"href":"https:\/\/baons-le-comte.fr\/index.php\/wp-json\/wp\/v2\/tags?post=1678"}],"curies":[{"name":"wp","href":"https:\/\/api.w.org\/{rel}","templated":true}]}}