{"id":1690,"date":"2019-03-24T15:29:30","date_gmt":"2019-03-24T14:29:30","guid":{"rendered":"http:\/\/baons-le-comte.fr\/?p=1690"},"modified":"2019-03-24T15:29:32","modified_gmt":"2019-03-24T14:29:32","slug":"commemoration-du-19-mars","status":"publish","type":"post","link":"https:\/\/baons-le-comte.fr\/index.php\/2019\/03\/24\/commemoration-du-19-mars\/","title":{"rendered":"COMM\u00c9MORATION DU 19 MARS"},"content":{"rendered":"\n<p>L&rsquo;amicale des Anciens Combattants s&rsquo;est rendue comme chaque ann\u00e9e \u00e0 la C\u00e9r\u00e9monie officielle de la Comm\u00e9moration du 57 \u00e8me anniversaire de la fin de guerre d&rsquo;Alg\u00e9rie devant le monument de la victoire d&rsquo;Yvetot.<\/p>\n\n\n\n<p>Baons le Comte \u00e9tait repr\u00e9sent\u00e9 par son porte drapeau Mr Jean DUVAL,  de sa pr\u00e9sidente Myl\u00e8ne DUBUISSON et du Maire Raphael DIRAND.<\/p>\n\n\n\n<p><\/p>\n","protected":false},"excerpt":{"rendered":"<p>L&rsquo;amicale des Anciens Combattants s&rsquo;est rendue comme chaque ann\u00e9e \u00e0 la C\u00e9r\u00e9monie officielle de la Comm\u00e9moration du 57 \u00e8me anniversaire de la fin de guerre d&rsquo;Alg\u00e9rie devant le monument de la victoire d&rsquo;Yvetot. Baons le Comte \u00e9tait repr\u00e9sent\u00e9 par son porte drapeau Mr Jean DUVAL, de sa pr\u00e9sidente Myl\u00e8ne DUBUISSON et du Maire Raphael DIRAND.<\/p>\n","protected":false},"author":2,"featured_media":1072,"comment_status":"closed","ping_status":"open","sticky":false,"template":"","format":"standard","meta":{"footnotes":""},"categories":[5,8],"tags":[],"class_list":["post-1690","post","type-post","status-publish","format-standard","has-post-thumbnail","hentry","category-actualite","category-associations"],"aioseo_notices":[],"_links":{"self":[{"href":"https:\/\/baons-le-comte.fr\/index.php\/wp-json\/wp\/v2\/posts\/1690"}],"collection":[{"href":"https:\/\/baons-le-comte.fr\/index.php\/wp-json\/wp\/v2\/posts"}],"about":[{"href":"https:\/\/baons-le-comte.fr\/index.php\/wp-json\/wp\/v2\/types\/post"}],"author":[{"embeddable":true,"href":"https:\/\/baons-le-comte.fr\/index.php\/wp-json\/wp\/v2\/users\/2"}],"replies":[{"embeddable":true,"href":"https:\/\/baons-le-comte.fr\/index.php\/wp-json\/wp\/v2\/comments?post=1690"}],"version-history":[{"count":1,"href":"https:\/\/baons-le-comte.fr\/index.php\/wp-json\/wp\/v2\/posts\/1690\/revisions"}],"predecessor-version":[{"id":1691,"href":"https:\/\/baons-le-comte.fr\/index.php\/wp-json\/wp\/v2\/posts\/1690\/revisions\/1691"}],"wp:featuredmedia":[{"embeddable":true,"href":"https:\/\/baons-le-comte.fr\/index.php\/wp-json\/wp\/v2\/media\/1072"}],"wp:attachment":[{"href":"https:\/\/baons-le-comte.fr\/index.php\/wp-json\/wp\/v2\/media?parent=1690"}],"wp:term":[{"taxonomy":"category","embeddable":true,"href":"https:\/\/baons-le-comte.fr\/index.php\/wp-json\/wp\/v2\/categories?post=1690"},{"taxonomy":"post_tag","embeddable":true,"href":"https:\/\/baons-le-comte.fr\/index.php\/wp-json\/wp\/v2\/tags?post=1690"}],"curies":[{"name":"wp","href":"https:\/\/api.w.org\/{rel}","templated":true}]}}