{"id":1704,"date":"2019-04-25T11:09:42","date_gmt":"2019-04-25T09:09:42","guid":{"rendered":"http:\/\/baons-le-comte.fr\/?p=1704"},"modified":"2019-04-25T21:03:09","modified_gmt":"2019-04-25T19:03:09","slug":"commemoration-du-8-mai-2","status":"publish","type":"post","link":"https:\/\/baons-le-comte.fr\/index.php\/2019\/04\/25\/commemoration-du-8-mai-2\/","title":{"rendered":"COMMEMORATION du 8 Mai"},"content":{"rendered":"\n<p>Les Habitants de Baons-le-Comte sont invit\u00e9s \u00e0 participer \u00e0 la c\u00e9r\u00e9monie de l&rsquo;armistice de la guerre 39-45 qui se d\u00e9roulera comme suit:<\/p>\n\n\n\n<p>A  9 h 00     Rendez- vous \u00e0 la Mairie de Baons-le-Comte d&rsquo;o\u00f9 le cort\u00e8ge partira vers le monument aux Morts. Lecture du message, d\u00e9p\u00f4t de gerbes, l&rsquo;une par Myl\u00e8ne DUBUISSON, Pr\u00e9sidente des Anciens Combattants et l&rsquo;autre par Rapha\u00ebl DIRAND, Maire, et chant de La Marseillaise.<\/p>\n\n\n\n<p>A 9 h 35, nous avons Rendez-vous devant la Mairie de Vauville-lesBaons. Puis,  \u00e0 9 h45, nous assisterons \u00e0 la c\u00e9r\u00e9monie religieuse, pr\u00e9sid\u00e9e par Alain LEFEBVRE (diacre) avec la participation du groupe Les Caux M\u00e9lomanes. Message du 8 Mai, appel aux Morts, d\u00e9p\u00f4t des gerbes au Monument aux Morts et sur les tombes des aviateurs du Commonwealth.<\/p>\n\n\n\n<p>A 11 h, recueillement sur la tombe du soldat Joseph Montier.<\/p>\n\n\n\n<p>A 11h15, Vin d&rsquo;honneur offert par la municipalit\u00e9 \u00e0 la Grange.<\/p>\n\n\n\n<p><\/p>\n\n\n\n<p><\/p>\n","protected":false},"excerpt":{"rendered":"<p>Les Habitants de Baons-le-Comte sont invit\u00e9s \u00e0 participer \u00e0 la c\u00e9r\u00e9monie de l&rsquo;armistice de la guerre 39-45 qui se d\u00e9roulera comme suit: A 9 h 00 Rendez- vous \u00e0 la Mairie de Baons-le-Comte d&rsquo;o\u00f9 le cort\u00e8ge partira vers le monument aux Morts. Lecture du message, d\u00e9p\u00f4t de gerbes, l&rsquo;une par Myl\u00e8ne DUBUISSON, Pr\u00e9sidente des Anciens &hellip; <a href=\"https:\/\/baons-le-comte.fr\/index.php\/2019\/04\/25\/commemoration-du-8-mai-2\/\" class=\"more-link\">Continuer la lecture de <span class=\"screen-reader-text\">COMMEMORATION du 8 Mai<\/span>  <span class=\"meta-nav\">&rarr;<\/span><\/a><\/p>\n","protected":false},"author":3,"featured_media":1072,"comment_status":"closed","ping_status":"open","sticky":false,"template":"","format":"standard","meta":{"footnotes":""},"categories":[5],"tags":[],"class_list":["post-1704","post","type-post","status-publish","format-standard","has-post-thumbnail","hentry","category-actualite"],"aioseo_notices":[],"_links":{"self":[{"href":"https:\/\/baons-le-comte.fr\/index.php\/wp-json\/wp\/v2\/posts\/1704"}],"collection":[{"href":"https:\/\/baons-le-comte.fr\/index.php\/wp-json\/wp\/v2\/posts"}],"about":[{"href":"https:\/\/baons-le-comte.fr\/index.php\/wp-json\/wp\/v2\/types\/post"}],"author":[{"embeddable":true,"href":"https:\/\/baons-le-comte.fr\/index.php\/wp-json\/wp\/v2\/users\/3"}],"replies":[{"embeddable":true,"href":"https:\/\/baons-le-comte.fr\/index.php\/wp-json\/wp\/v2\/comments?post=1704"}],"version-history":[{"count":3,"href":"https:\/\/baons-le-comte.fr\/index.php\/wp-json\/wp\/v2\/posts\/1704\/revisions"}],"predecessor-version":[{"id":1738,"href":"https:\/\/baons-le-comte.fr\/index.php\/wp-json\/wp\/v2\/posts\/1704\/revisions\/1738"}],"wp:featuredmedia":[{"embeddable":true,"href":"https:\/\/baons-le-comte.fr\/index.php\/wp-json\/wp\/v2\/media\/1072"}],"wp:attachment":[{"href":"https:\/\/baons-le-comte.fr\/index.php\/wp-json\/wp\/v2\/media?parent=1704"}],"wp:term":[{"taxonomy":"category","embeddable":true,"href":"https:\/\/baons-le-comte.fr\/index.php\/wp-json\/wp\/v2\/categories?post=1704"},{"taxonomy":"post_tag","embeddable":true,"href":"https:\/\/baons-le-comte.fr\/index.php\/wp-json\/wp\/v2\/tags?post=1704"}],"curies":[{"name":"wp","href":"https:\/\/api.w.org\/{rel}","templated":true}]}}