{"id":1821,"date":"2019-08-01T17:04:02","date_gmt":"2019-08-01T15:04:02","guid":{"rendered":"http:\/\/baons-le-comte.fr\/?p=1821"},"modified":"2019-08-02T18:14:20","modified_gmt":"2019-08-02T16:14:20","slug":"information-canicule","status":"publish","type":"post","link":"https:\/\/baons-le-comte.fr\/index.php\/2019\/08\/01\/information-canicule\/","title":{"rendered":"INFORMATION CANICULE"},"content":{"rendered":"\n<p><strong>D\u00e9calage des HORAIRES de la COLLECTE DES DECHETS<\/strong><\/p>\n\n\n\n<p><\/p>\n\n\n\n<p>De juin \u00e0 septembre, en cas de fortes hausses des temp\u00e9ratures, le service de ramassage des d\u00e9chets d\u00e9butera<strong> \u00e0 5 h00 le matin pour toutes les communes.<\/strong><\/p>\n\n\n\n<p>Nous vous prions donc de bien pr\u00e9senter vos d\u00e9chets la veille au soir.<\/p>\n\n\n\n<p>Nous vous remercions de votre compr\u00e9hension.<\/p>\n\n\n\n<p>                                       La COMMUNAUTE de COMMUNES<\/p>\n\n\n\n<p>                                                YVETOT NORMLANDIE<\/p>\n","protected":false},"excerpt":{"rendered":"<p>D\u00e9calage des HORAIRES de la COLLECTE DES DECHETS De juin \u00e0 septembre, en cas de fortes hausses des temp\u00e9ratures, le service de ramassage des d\u00e9chets d\u00e9butera \u00e0 5 h00 le matin pour toutes les communes. Nous vous prions donc de bien pr\u00e9senter vos d\u00e9chets la veille au soir. Nous vous remercions de votre compr\u00e9hension. La &hellip; <a href=\"https:\/\/baons-le-comte.fr\/index.php\/2019\/08\/01\/information-canicule\/\" class=\"more-link\">Continuer la lecture de <span class=\"screen-reader-text\">INFORMATION CANICULE<\/span>  <span class=\"meta-nav\">&rarr;<\/span><\/a><\/p>\n","protected":false},"author":3,"featured_media":1824,"comment_status":"closed","ping_status":"open","sticky":false,"template":"","format":"standard","meta":{"footnotes":""},"categories":[5,6],"tags":[],"class_list":["post-1821","post","type-post","status-publish","format-standard","has-post-thumbnail","hentry","category-actualite","category-mairie"],"aioseo_notices":[],"_links":{"self":[{"href":"https:\/\/baons-le-comte.fr\/index.php\/wp-json\/wp\/v2\/posts\/1821"}],"collection":[{"href":"https:\/\/baons-le-comte.fr\/index.php\/wp-json\/wp\/v2\/posts"}],"about":[{"href":"https:\/\/baons-le-comte.fr\/index.php\/wp-json\/wp\/v2\/types\/post"}],"author":[{"embeddable":true,"href":"https:\/\/baons-le-comte.fr\/index.php\/wp-json\/wp\/v2\/users\/3"}],"replies":[{"embeddable":true,"href":"https:\/\/baons-le-comte.fr\/index.php\/wp-json\/wp\/v2\/comments?post=1821"}],"version-history":[{"count":1,"href":"https:\/\/baons-le-comte.fr\/index.php\/wp-json\/wp\/v2\/posts\/1821\/revisions"}],"predecessor-version":[{"id":1822,"href":"https:\/\/baons-le-comte.fr\/index.php\/wp-json\/wp\/v2\/posts\/1821\/revisions\/1822"}],"wp:featuredmedia":[{"embeddable":true,"href":"https:\/\/baons-le-comte.fr\/index.php\/wp-json\/wp\/v2\/media\/1824"}],"wp:attachment":[{"href":"https:\/\/baons-le-comte.fr\/index.php\/wp-json\/wp\/v2\/media?parent=1821"}],"wp:term":[{"taxonomy":"category","embeddable":true,"href":"https:\/\/baons-le-comte.fr\/index.php\/wp-json\/wp\/v2\/categories?post=1821"},{"taxonomy":"post_tag","embeddable":true,"href":"https:\/\/baons-le-comte.fr\/index.php\/wp-json\/wp\/v2\/tags?post=1821"}],"curies":[{"name":"wp","href":"https:\/\/api.w.org\/{rel}","templated":true}]}}