{"id":1868,"date":"2019-11-14T11:16:00","date_gmt":"2019-11-14T10:16:00","guid":{"rendered":"http:\/\/baons-le-comte.fr\/?p=1868"},"modified":"2019-11-14T20:07:54","modified_gmt":"2019-11-14T19:07:54","slug":"concert-dans-leglise-de-baons-le-comte","status":"publish","type":"post","link":"https:\/\/baons-le-comte.fr\/index.php\/2019\/11\/14\/concert-dans-leglise-de-baons-le-comte\/","title":{"rendered":"CONCERT dans l&rsquo;EGLISE de BAONS-LE-COMTE"},"content":{"rendered":"\n<p>Nous avons le plaisir de vous inviter, dans notre \u00e9glise, pour un concert gratuit<\/p>\n\n\n\n<ul class=\"wp-block-list\"><li><strong>CHORALE JAZZ + ENSEMBLE ACCORDEON.<\/strong><\/li><\/ul>\n\n\n\n<figure class=\"wp-block-image\"><img loading=\"lazy\" decoding=\"async\" width=\"724\" height=\"1024\" src=\"https:\/\/baons-le-comte.fr\/wp-content\/uploads\/2019\/10\/20191120_Baons-le-Comte-724x1024.jpg\" alt=\"\" class=\"wp-image-1880\" srcset=\"https:\/\/baons-le-comte.fr\/wp-content\/uploads\/2019\/10\/20191120_Baons-le-Comte-724x1024.jpg 724w, https:\/\/baons-le-comte.fr\/wp-content\/uploads\/2019\/10\/20191120_Baons-le-Comte-212x300.jpg 212w, https:\/\/baons-le-comte.fr\/wp-content\/uploads\/2019\/10\/20191120_Baons-le-Comte-768x1086.jpg 768w, https:\/\/baons-le-comte.fr\/wp-content\/uploads\/2019\/10\/20191120_Baons-le-Comte.jpg 1240w\" sizes=\"(max-width: 724px) 100vw, 724px\" \/><\/figure>\n\n\n\n<p>organis\u00e9 par le Conservatoire Fernand BOITARD d&rsquo;Yvetot le<\/p>\n\n\n\n<p><\/p>\n\n\n\n<p><strong>MERCREDI 20 Novembre 2019, de 19 h 30 \u00e0 20 h 30<\/strong><\/p>\n\n\n\n<p>Nous esp\u00e9rons que vous viendrez nombreux.<\/p>\n\n\n\n<p>         Raphael DIRAND,<\/p>\n\n\n\n<p>         Myl\u00e8ne DUBUISSON<\/p>\n\n\n\n<p>         Fran\u00e7oise LEMONNIER-MAURER<\/p>\n\n\n\n<p><\/p>\n","protected":false},"excerpt":{"rendered":"<p>Nous avons le plaisir de vous inviter, dans notre \u00e9glise, pour un concert gratuit CHORALE JAZZ + ENSEMBLE ACCORDEON. organis\u00e9 par le Conservatoire Fernand BOITARD d&rsquo;Yvetot le MERCREDI 20 Novembre 2019, de 19 h 30 \u00e0 20 h 30 Nous esp\u00e9rons que vous viendrez nombreux. Raphael DIRAND, Myl\u00e8ne DUBUISSON Fran\u00e7oise LEMONNIER-MAURER<\/p>\n","protected":false},"author":3,"featured_media":1883,"comment_status":"closed","ping_status":"open","sticky":false,"template":"","format":"standard","meta":{"footnotes":""},"categories":[5,8,6],"tags":[],"class_list":["post-1868","post","type-post","status-publish","format-standard","has-post-thumbnail","hentry","category-actualite","category-associations","category-mairie"],"aioseo_notices":[],"_links":{"self":[{"href":"https:\/\/baons-le-comte.fr\/index.php\/wp-json\/wp\/v2\/posts\/1868"}],"collection":[{"href":"https:\/\/baons-le-comte.fr\/index.php\/wp-json\/wp\/v2\/posts"}],"about":[{"href":"https:\/\/baons-le-comte.fr\/index.php\/wp-json\/wp\/v2\/types\/post"}],"author":[{"embeddable":true,"href":"https:\/\/baons-le-comte.fr\/index.php\/wp-json\/wp\/v2\/users\/3"}],"replies":[{"embeddable":true,"href":"https:\/\/baons-le-comte.fr\/index.php\/wp-json\/wp\/v2\/comments?post=1868"}],"version-history":[{"count":3,"href":"https:\/\/baons-le-comte.fr\/index.php\/wp-json\/wp\/v2\/posts\/1868\/revisions"}],"predecessor-version":[{"id":1884,"href":"https:\/\/baons-le-comte.fr\/index.php\/wp-json\/wp\/v2\/posts\/1868\/revisions\/1884"}],"wp:featuredmedia":[{"embeddable":true,"href":"https:\/\/baons-le-comte.fr\/index.php\/wp-json\/wp\/v2\/media\/1883"}],"wp:attachment":[{"href":"https:\/\/baons-le-comte.fr\/index.php\/wp-json\/wp\/v2\/media?parent=1868"}],"wp:term":[{"taxonomy":"category","embeddable":true,"href":"https:\/\/baons-le-comte.fr\/index.php\/wp-json\/wp\/v2\/categories?post=1868"},{"taxonomy":"post_tag","embeddable":true,"href":"https:\/\/baons-le-comte.fr\/index.php\/wp-json\/wp\/v2\/tags?post=1868"}],"curies":[{"name":"wp","href":"https:\/\/api.w.org\/{rel}","templated":true}]}}