{"id":1934,"date":"2019-11-11T21:20:28","date_gmt":"2019-11-11T20:20:28","guid":{"rendered":"http:\/\/baons-le-comte.fr\/?p=1934"},"modified":"2019-11-18T17:36:53","modified_gmt":"2019-11-18T16:36:53","slug":"ceremonie-du-9-novembre-2019","status":"publish","type":"post","link":"https:\/\/baons-le-comte.fr\/index.php\/2019\/11\/11\/ceremonie-du-9-novembre-2019\/","title":{"rendered":"C\u00c9R\u00c9MONIE DU 9 NOVEMBRE 2019"},"content":{"rendered":"\n<p>L&rsquo;amicale des Anciens Combattants s&rsquo;est rendue \u00e0 Valliquerville pour la remise du dipl\u00f4me d&rsquo;honneur et de la m\u00e9daille d&rsquo;argent de porte drapeau  \u00e0 Mrs Cambier et Dulong  pour leur b\u00e9n\u00e9volat et d\u00e9vouement au service du devoir de m\u00e9moire. Le cort\u00e8ge est parti de la mairie pour se rendre \u00e0 la st\u00e8le Roland Pesqueux  mort pour la France, pour revenir \u00e0 la Salle F\u00e9dina pour la remise de m\u00e9daille.<\/p>\n\n\n\n<figure class=\"wp-block-image\"><img decoding=\"async\" src=\"https:\/\/baons-le-comte.fr\/wp-content\/uploads\/2019\/11\/WP_20191109_11_08_53_Pro-577x1024.jpg\" alt=\"\" class=\"wp-image-1928\"\/><\/figure>\n\n\n\n<figure class=\"wp-block-image\"><img decoding=\"async\" src=\"https:\/\/baons-le-comte.fr\/wp-content\/uploads\/2019\/11\/WP_20191109_11_44_39_Pro-577x1024.jpg\" alt=\"\" class=\"wp-image-1930\"\/><\/figure>\n\n\n\n<figure class=\"wp-block-image\"><img decoding=\"async\" src=\"https:\/\/baons-le-comte.fr\/wp-content\/uploads\/2019\/11\/WP_20191109_11_52_06_Pro-1024x577.jpg\" alt=\"\" class=\"wp-image-1932\"\/><\/figure>\n","protected":false},"excerpt":{"rendered":"<p>L&rsquo;amicale des Anciens Combattants s&rsquo;est rendue \u00e0 Valliquerville pour la remise du dipl\u00f4me d&rsquo;honneur et de la m\u00e9daille d&rsquo;argent de porte drapeau \u00e0 Mrs Cambier et Dulong pour leur b\u00e9n\u00e9volat et d\u00e9vouement au service du devoir de m\u00e9moire. Le cort\u00e8ge est parti de la mairie pour se rendre \u00e0 la st\u00e8le Roland Pesqueux mort pour &hellip; <a href=\"https:\/\/baons-le-comte.fr\/index.php\/2019\/11\/11\/ceremonie-du-9-novembre-2019\/\" class=\"more-link\">Continuer la lecture de <span class=\"screen-reader-text\">C\u00c9R\u00c9MONIE DU 9 NOVEMBRE 2019<\/span>  <span class=\"meta-nav\">&rarr;<\/span><\/a><\/p>\n","protected":false},"author":2,"featured_media":1072,"comment_status":"closed","ping_status":"open","sticky":false,"template":"","format":"standard","meta":{"footnotes":""},"categories":[5,8],"tags":[],"class_list":["post-1934","post","type-post","status-publish","format-standard","has-post-thumbnail","hentry","category-actualite","category-associations"],"aioseo_notices":[],"_links":{"self":[{"href":"https:\/\/baons-le-comte.fr\/index.php\/wp-json\/wp\/v2\/posts\/1934"}],"collection":[{"href":"https:\/\/baons-le-comte.fr\/index.php\/wp-json\/wp\/v2\/posts"}],"about":[{"href":"https:\/\/baons-le-comte.fr\/index.php\/wp-json\/wp\/v2\/types\/post"}],"author":[{"embeddable":true,"href":"https:\/\/baons-le-comte.fr\/index.php\/wp-json\/wp\/v2\/users\/2"}],"replies":[{"embeddable":true,"href":"https:\/\/baons-le-comte.fr\/index.php\/wp-json\/wp\/v2\/comments?post=1934"}],"version-history":[{"count":1,"href":"https:\/\/baons-le-comte.fr\/index.php\/wp-json\/wp\/v2\/posts\/1934\/revisions"}],"predecessor-version":[{"id":1935,"href":"https:\/\/baons-le-comte.fr\/index.php\/wp-json\/wp\/v2\/posts\/1934\/revisions\/1935"}],"wp:featuredmedia":[{"embeddable":true,"href":"https:\/\/baons-le-comte.fr\/index.php\/wp-json\/wp\/v2\/media\/1072"}],"wp:attachment":[{"href":"https:\/\/baons-le-comte.fr\/index.php\/wp-json\/wp\/v2\/media?parent=1934"}],"wp:term":[{"taxonomy":"category","embeddable":true,"href":"https:\/\/baons-le-comte.fr\/index.php\/wp-json\/wp\/v2\/categories?post=1934"},{"taxonomy":"post_tag","embeddable":true,"href":"https:\/\/baons-le-comte.fr\/index.php\/wp-json\/wp\/v2\/tags?post=1934"}],"curies":[{"name":"wp","href":"https:\/\/api.w.org\/{rel}","templated":true}]}}