{"id":1964,"date":"2019-11-25T19:21:45","date_gmt":"2019-11-25T18:21:45","guid":{"rendered":"http:\/\/baons-le-comte.fr\/?p=1964"},"modified":"2019-11-25T19:32:33","modified_gmt":"2019-11-25T18:32:33","slug":"concert-a-leglise","status":"publish","type":"post","link":"https:\/\/baons-le-comte.fr\/index.php\/2019\/11\/25\/concert-a-leglise\/","title":{"rendered":"CONCERT \u00e0 l&rsquo;\u00e9glise"},"content":{"rendered":"\n<p>Le conservatoire Fernand Boitard d&rsquo;Yvetot nous avait propos\u00e9 d&rsquo;organiser dans notre commune un concert gratuit.<\/p>\n\n\n\n<p>Le spectacle a eu lieu le mercredi 20 Novembre 2019. Et c&rsquo;est  dans notre \u00e9glise que nous avons accueilli une quinzaine d&rsquo;accord\u00e9onistes qui nous a fait entendre quelques morceaux allant de Vivaldi \u00e0 une musique de notre \u00e9poque \u00ab\u00a0chez Lorette\u00a0\u00bb de Michel Delpech par exemple.<\/p>\n\n\n\n<p>Ce fut au tour ensuite de la chorale Jazz qui interpr\u00e9ta des fables de la Fontaine sur une musique de la soeur de Michel Legrand, le corbeau et le renard, le loup et l&rsquo;agneau&#8230;.<\/p>\n\n\n\n<p>Et le tout se finit \u00e0 la mairie autour d&rsquo;un verre.<\/p>\n\n\n\n<p>Nous esp\u00e9rons renouveler cet \u00e9v\u00e9nement. Nous avons \u00e9t\u00e9 agr\u00e9ablement surpris du succ\u00e8s et de la participation nombreuse.<\/p>\n\n\n\n<figure class=\"wp-block-image size-large\"><img loading=\"lazy\" decoding=\"async\" width=\"1024\" height=\"577\" src=\"https:\/\/baons-le-comte.fr\/wp-content\/uploads\/2019\/11\/WP_20191120_19_37_28_Pro-1024x577.jpg\" alt=\"\" class=\"wp-image-1956\" srcset=\"https:\/\/baons-le-comte.fr\/wp-content\/uploads\/2019\/11\/WP_20191120_19_37_28_Pro-1024x577.jpg 1024w, https:\/\/baons-le-comte.fr\/wp-content\/uploads\/2019\/11\/WP_20191120_19_37_28_Pro-300x169.jpg 300w, https:\/\/baons-le-comte.fr\/wp-content\/uploads\/2019\/11\/WP_20191120_19_37_28_Pro-768x432.jpg 768w, https:\/\/baons-le-comte.fr\/wp-content\/uploads\/2019\/11\/WP_20191120_19_37_28_Pro-1536x865.jpg 1536w, https:\/\/baons-le-comte.fr\/wp-content\/uploads\/2019\/11\/WP_20191120_19_37_28_Pro.jpg 1600w\" sizes=\"(max-width: 1024px) 100vw, 1024px\" \/><\/figure>\n\n\n\n<figure class=\"wp-block-image size-large\"><img loading=\"lazy\" decoding=\"async\" width=\"640\" height=\"480\" src=\"https:\/\/baons-le-comte.fr\/wp-content\/uploads\/2019\/11\/IMG_3045.jpg\" alt=\"\" class=\"wp-image-1949\" srcset=\"https:\/\/baons-le-comte.fr\/wp-content\/uploads\/2019\/11\/IMG_3045.jpg 640w, https:\/\/baons-le-comte.fr\/wp-content\/uploads\/2019\/11\/IMG_3045-300x225.jpg 300w\" sizes=\"(max-width: 640px) 100vw, 640px\" \/><\/figure>\n\n\n\n<figure class=\"wp-block-image size-large\"><img loading=\"lazy\" decoding=\"async\" width=\"640\" height=\"480\" src=\"https:\/\/baons-le-comte.fr\/wp-content\/uploads\/2019\/11\/IMG_3048.jpg\" alt=\"\" class=\"wp-image-1951\" srcset=\"https:\/\/baons-le-comte.fr\/wp-content\/uploads\/2019\/11\/IMG_3048.jpg 640w, https:\/\/baons-le-comte.fr\/wp-content\/uploads\/2019\/11\/IMG_3048-300x225.jpg 300w\" sizes=\"(max-width: 640px) 100vw, 640px\" \/><\/figure>\n\n\n\n<figure class=\"wp-block-image size-large\"><img loading=\"lazy\" decoding=\"async\" width=\"1024\" height=\"577\" src=\"https:\/\/baons-le-comte.fr\/wp-content\/uploads\/2019\/11\/WP_20191120_18_55_09_Pro-1024x577.jpg\" alt=\"\" class=\"wp-image-1954\" srcset=\"https:\/\/baons-le-comte.fr\/wp-content\/uploads\/2019\/11\/WP_20191120_18_55_09_Pro-1024x577.jpg 1024w, https:\/\/baons-le-comte.fr\/wp-content\/uploads\/2019\/11\/WP_20191120_18_55_09_Pro-300x169.jpg 300w, https:\/\/baons-le-comte.fr\/wp-content\/uploads\/2019\/11\/WP_20191120_18_55_09_Pro-768x432.jpg 768w, https:\/\/baons-le-comte.fr\/wp-content\/uploads\/2019\/11\/WP_20191120_18_55_09_Pro-1536x865.jpg 1536w, https:\/\/baons-le-comte.fr\/wp-content\/uploads\/2019\/11\/WP_20191120_18_55_09_Pro.jpg 1600w\" sizes=\"(max-width: 1024px) 100vw, 1024px\" \/><\/figure>\n\n\n\n<figure class=\"wp-block-image size-large is-resized\"><img loading=\"lazy\" decoding=\"async\" src=\"https:\/\/baons-le-comte.fr\/wp-content\/uploads\/2019\/11\/IMG_3046.jpg\" alt=\"\" class=\"wp-image-1950\" width=\"580\" height=\"435\" srcset=\"https:\/\/baons-le-comte.fr\/wp-content\/uploads\/2019\/11\/IMG_3046.jpg 640w, https:\/\/baons-le-comte.fr\/wp-content\/uploads\/2019\/11\/IMG_3046-300x225.jpg 300w\" sizes=\"(max-width: 580px) 100vw, 580px\" \/><figcaption>la satisfaction des organisatrices <\/figcaption><\/figure>\n","protected":false},"excerpt":{"rendered":"<p>Le conservatoire Fernand Boitard d&rsquo;Yvetot nous avait propos\u00e9 d&rsquo;organiser dans notre commune un concert gratuit. Le spectacle a eu lieu le mercredi 20 Novembre 2019. Et c&rsquo;est dans notre \u00e9glise que nous avons accueilli une quinzaine d&rsquo;accord\u00e9onistes qui nous a fait entendre quelques morceaux allant de Vivaldi \u00e0 une musique de notre \u00e9poque \u00ab\u00a0chez Lorette\u00a0\u00bb &hellip; <a href=\"https:\/\/baons-le-comte.fr\/index.php\/2019\/11\/25\/concert-a-leglise\/\" class=\"more-link\">Continuer la lecture de <span class=\"screen-reader-text\">CONCERT \u00e0 l&rsquo;\u00e9glise<\/span>  <span class=\"meta-nav\">&rarr;<\/span><\/a><\/p>\n","protected":false},"author":3,"featured_media":1953,"comment_status":"closed","ping_status":"open","sticky":false,"template":"","format":"standard","meta":{"footnotes":""},"categories":[5,8],"tags":[],"class_list":["post-1964","post","type-post","status-publish","format-standard","has-post-thumbnail","hentry","category-actualite","category-associations"],"aioseo_notices":[],"_links":{"self":[{"href":"https:\/\/baons-le-comte.fr\/index.php\/wp-json\/wp\/v2\/posts\/1964"}],"collection":[{"href":"https:\/\/baons-le-comte.fr\/index.php\/wp-json\/wp\/v2\/posts"}],"about":[{"href":"https:\/\/baons-le-comte.fr\/index.php\/wp-json\/wp\/v2\/types\/post"}],"author":[{"embeddable":true,"href":"https:\/\/baons-le-comte.fr\/index.php\/wp-json\/wp\/v2\/users\/3"}],"replies":[{"embeddable":true,"href":"https:\/\/baons-le-comte.fr\/index.php\/wp-json\/wp\/v2\/comments?post=1964"}],"version-history":[{"count":2,"href":"https:\/\/baons-le-comte.fr\/index.php\/wp-json\/wp\/v2\/posts\/1964\/revisions"}],"predecessor-version":[{"id":1979,"href":"https:\/\/baons-le-comte.fr\/index.php\/wp-json\/wp\/v2\/posts\/1964\/revisions\/1979"}],"wp:featuredmedia":[{"embeddable":true,"href":"https:\/\/baons-le-comte.fr\/index.php\/wp-json\/wp\/v2\/media\/1953"}],"wp:attachment":[{"href":"https:\/\/baons-le-comte.fr\/index.php\/wp-json\/wp\/v2\/media?parent=1964"}],"wp:term":[{"taxonomy":"category","embeddable":true,"href":"https:\/\/baons-le-comte.fr\/index.php\/wp-json\/wp\/v2\/categories?post=1964"},{"taxonomy":"post_tag","embeddable":true,"href":"https:\/\/baons-le-comte.fr\/index.php\/wp-json\/wp\/v2\/tags?post=1964"}],"curies":[{"name":"wp","href":"https:\/\/api.w.org\/{rel}","templated":true}]}}