{"id":2091,"date":"2020-05-16T17:14:29","date_gmt":"2020-05-16T15:14:29","guid":{"rendered":"http:\/\/baons-le-comte.fr\/?p=2091"},"modified":"2020-05-16T17:18:06","modified_gmt":"2020-05-16T15:18:06","slug":"rentree-scolaire","status":"publish","type":"post","link":"https:\/\/baons-le-comte.fr\/index.php\/2020\/05\/16\/rentree-scolaire\/","title":{"rendered":"RENTR\u00c9E SCOLAIRE"},"content":{"rendered":"\n<p>Les \u00e9l\u00e8ves du RPI Ectot les Baons &#8211; Baons le Comte vont reprendre le chemin de l&rsquo;\u00e9cole Lundi 18 Mai 2020 tout en respectant le protocole sanitaire.<\/p>\n\n\n\n<p>Les r\u00e8gles strictes ne nous permettent pas d&rsquo;ouvrir la garderie et cantine.<\/p>\n\n\n\n<figure class=\"wp-block-image size-large\"><img loading=\"lazy\" decoding=\"async\" width=\"1024\" height=\"611\" src=\"https:\/\/baons-le-comte.fr\/wp-content\/uploads\/2015\/09\/IMG_0326-1024x611.jpg\" alt=\"\" class=\"wp-image-11\" srcset=\"https:\/\/baons-le-comte.fr\/wp-content\/uploads\/2015\/09\/IMG_0326-1024x611.jpg 1024w, https:\/\/baons-le-comte.fr\/wp-content\/uploads\/2015\/09\/IMG_0326-300x179.jpg 300w, https:\/\/baons-le-comte.fr\/wp-content\/uploads\/2015\/09\/IMG_0326-768x458.jpg 768w, https:\/\/baons-le-comte.fr\/wp-content\/uploads\/2015\/09\/IMG_0326.jpg 1600w\" sizes=\"(max-width: 1024px) 100vw, 1024px\" \/><figcaption>ECOLE JEAN DE LA FONTAINE<\/figcaption><\/figure>\n","protected":false},"excerpt":{"rendered":"<p>Les \u00e9l\u00e8ves du RPI Ectot les Baons &#8211; Baons le Comte vont reprendre le chemin de l&rsquo;\u00e9cole Lundi 18 Mai 2020 tout en respectant le protocole sanitaire. Les r\u00e8gles strictes ne nous permettent pas d&rsquo;ouvrir la garderie et cantine.<\/p>\n","protected":false},"author":2,"featured_media":11,"comment_status":"closed","ping_status":"open","sticky":false,"template":"","format":"standard","meta":{"footnotes":""},"categories":[5],"tags":[],"class_list":["post-2091","post","type-post","status-publish","format-standard","has-post-thumbnail","hentry","category-actualite"],"aioseo_notices":[],"_links":{"self":[{"href":"https:\/\/baons-le-comte.fr\/index.php\/wp-json\/wp\/v2\/posts\/2091"}],"collection":[{"href":"https:\/\/baons-le-comte.fr\/index.php\/wp-json\/wp\/v2\/posts"}],"about":[{"href":"https:\/\/baons-le-comte.fr\/index.php\/wp-json\/wp\/v2\/types\/post"}],"author":[{"embeddable":true,"href":"https:\/\/baons-le-comte.fr\/index.php\/wp-json\/wp\/v2\/users\/2"}],"replies":[{"embeddable":true,"href":"https:\/\/baons-le-comte.fr\/index.php\/wp-json\/wp\/v2\/comments?post=2091"}],"version-history":[{"count":2,"href":"https:\/\/baons-le-comte.fr\/index.php\/wp-json\/wp\/v2\/posts\/2091\/revisions"}],"predecessor-version":[{"id":2094,"href":"https:\/\/baons-le-comte.fr\/index.php\/wp-json\/wp\/v2\/posts\/2091\/revisions\/2094"}],"wp:featuredmedia":[{"embeddable":true,"href":"https:\/\/baons-le-comte.fr\/index.php\/wp-json\/wp\/v2\/media\/11"}],"wp:attachment":[{"href":"https:\/\/baons-le-comte.fr\/index.php\/wp-json\/wp\/v2\/media?parent=2091"}],"wp:term":[{"taxonomy":"category","embeddable":true,"href":"https:\/\/baons-le-comte.fr\/index.php\/wp-json\/wp\/v2\/categories?post=2091"},{"taxonomy":"post_tag","embeddable":true,"href":"https:\/\/baons-le-comte.fr\/index.php\/wp-json\/wp\/v2\/tags?post=2091"}],"curies":[{"name":"wp","href":"https:\/\/api.w.org\/{rel}","templated":true}]}}