{"id":2098,"date":"2020-05-27T18:25:46","date_gmt":"2020-05-27T16:25:46","guid":{"rendered":"http:\/\/baons-le-comte.fr\/?p=2098"},"modified":"2020-05-30T18:01:43","modified_gmt":"2020-05-30T16:01:43","slug":"les-masques","status":"publish","type":"post","link":"https:\/\/baons-le-comte.fr\/index.php\/2020\/05\/27\/les-masques\/","title":{"rendered":"LES MASQUES"},"content":{"rendered":"\n<p>Nous vous informons que nous sommes en mesure de vous remettre les masques.<\/p>\n\n\n\n<p>Ils vous seront distribu\u00e9s \u00e0 la Mairie par Jeannette FERRAND, Myl\u00e8ne DUBUISSON et Fran\u00e7oise LEMONNIER MAURER :<\/p>\n\n\n\n<ul class=\"wp-block-list\"><li>le JEUDI 28 MAI de 16 h \u00e0 19 h,<\/li><li>le VENDREDI 29 MAI de 14 h \u00e0 17 h,<\/li><li>le SAMEDI 30 MAI de 10 h \u00e0 12 h. <\/li><\/ul>\n\n\n\n<p>Au regard du principe de pr\u00e9caution,  nous vous serions reconnaissants de porter un masque.<\/p>\n\n\n\n<p>A bient\u00f4t .                                       L&rsquo;\u00e9quipe .<\/p>\n","protected":false},"excerpt":{"rendered":"<p>Nous vous informons que nous sommes en mesure de vous remettre les masques. Ils vous seront distribu\u00e9s \u00e0 la Mairie par Jeannette FERRAND, Myl\u00e8ne DUBUISSON et Fran\u00e7oise LEMONNIER MAURER : le JEUDI 28 MAI de 16 h \u00e0 19 h, le VENDREDI 29 MAI de 14 h \u00e0 17 h, le SAMEDI 30 MAI de &hellip; <a href=\"https:\/\/baons-le-comte.fr\/index.php\/2020\/05\/27\/les-masques\/\" class=\"more-link\">Continuer la lecture de <span class=\"screen-reader-text\">LES MASQUES<\/span>  <span class=\"meta-nav\">&rarr;<\/span><\/a><\/p>\n","protected":false},"author":3,"featured_media":2112,"comment_status":"closed","ping_status":"open","sticky":false,"template":"","format":"standard","meta":{"footnotes":""},"categories":[5,6],"tags":[],"class_list":["post-2098","post","type-post","status-publish","format-standard","has-post-thumbnail","hentry","category-actualite","category-mairie"],"aioseo_notices":[],"_links":{"self":[{"href":"https:\/\/baons-le-comte.fr\/index.php\/wp-json\/wp\/v2\/posts\/2098"}],"collection":[{"href":"https:\/\/baons-le-comte.fr\/index.php\/wp-json\/wp\/v2\/posts"}],"about":[{"href":"https:\/\/baons-le-comte.fr\/index.php\/wp-json\/wp\/v2\/types\/post"}],"author":[{"embeddable":true,"href":"https:\/\/baons-le-comte.fr\/index.php\/wp-json\/wp\/v2\/users\/3"}],"replies":[{"embeddable":true,"href":"https:\/\/baons-le-comte.fr\/index.php\/wp-json\/wp\/v2\/comments?post=2098"}],"version-history":[{"count":1,"href":"https:\/\/baons-le-comte.fr\/index.php\/wp-json\/wp\/v2\/posts\/2098\/revisions"}],"predecessor-version":[{"id":2106,"href":"https:\/\/baons-le-comte.fr\/index.php\/wp-json\/wp\/v2\/posts\/2098\/revisions\/2106"}],"wp:featuredmedia":[{"embeddable":true,"href":"https:\/\/baons-le-comte.fr\/index.php\/wp-json\/wp\/v2\/media\/2112"}],"wp:attachment":[{"href":"https:\/\/baons-le-comte.fr\/index.php\/wp-json\/wp\/v2\/media?parent=2098"}],"wp:term":[{"taxonomy":"category","embeddable":true,"href":"https:\/\/baons-le-comte.fr\/index.php\/wp-json\/wp\/v2\/categories?post=2098"},{"taxonomy":"post_tag","embeddable":true,"href":"https:\/\/baons-le-comte.fr\/index.php\/wp-json\/wp\/v2\/tags?post=2098"}],"curies":[{"name":"wp","href":"https:\/\/api.w.org\/{rel}","templated":true}]}}