{"id":2379,"date":"2021-01-15T22:09:03","date_gmt":"2021-01-15T21:09:03","guid":{"rendered":"http:\/\/baons-le-comte.fr\/?p=2379"},"modified":"2021-01-15T22:09:04","modified_gmt":"2021-01-15T21:09:04","slug":"couvre-feu-nouveaux-horaires-de-la-mairie","status":"publish","type":"post","link":"https:\/\/baons-le-comte.fr\/index.php\/2021\/01\/15\/couvre-feu-nouveaux-horaires-de-la-mairie\/","title":{"rendered":"COUVRE-FEU : NOUVEAUX HORAIRES DE LA MAIRIE"},"content":{"rendered":"\n<p class=\"has-medium-font-size\">Le couvre-feu sera appliqu\u00e9 \u00e0 18h, dans toute la          France, \u00e0 partir de samedi et pour \u00ab\u00a0au moins 15 jours\u00a0\u00bb,        a annonc\u00e9, hier, Jean Castex .<\/p>\n\n\n\n<p class=\"has-medium-font-size\">Cela nous oblige \u00e0 modifier les horaires de la permanence du <strong><span style=\"color:#e11b11\" class=\"has-inline-color\">jeudi soir<\/span><\/strong>, voici donc les nouveaux horaires :<\/p>\n\n\n\n<p class=\"has-text-align-center has-large-font-size\"><span style=\"color:#e52817\" class=\"has-inline-color\"><strong> 15H30 \u00e0 17H00<\/strong><\/span><\/p>\n\n\n\n<p><\/p>\n","protected":false},"excerpt":{"rendered":"<p>Le couvre-feu sera appliqu\u00e9 \u00e0 18h, dans toute la France, \u00e0 partir de samedi et pour \u00ab\u00a0au moins 15 jours\u00a0\u00bb, a annonc\u00e9, hier, Jean Castex . Cela nous oblige \u00e0 modifier les horaires de la permanence du jeudi soir, voici donc les nouveaux horaires : 15H30 \u00e0 17H00<\/p>\n","protected":false},"author":5,"featured_media":2380,"comment_status":"closed","ping_status":"open","sticky":false,"template":"","format":"standard","meta":{"footnotes":""},"categories":[5,14],"tags":[],"class_list":["post-2379","post","type-post","status-publish","format-standard","has-post-thumbnail","hentry","category-actualite","category-actualite-mairie"],"aioseo_notices":[],"_links":{"self":[{"href":"https:\/\/baons-le-comte.fr\/index.php\/wp-json\/wp\/v2\/posts\/2379"}],"collection":[{"href":"https:\/\/baons-le-comte.fr\/index.php\/wp-json\/wp\/v2\/posts"}],"about":[{"href":"https:\/\/baons-le-comte.fr\/index.php\/wp-json\/wp\/v2\/types\/post"}],"author":[{"embeddable":true,"href":"https:\/\/baons-le-comte.fr\/index.php\/wp-json\/wp\/v2\/users\/5"}],"replies":[{"embeddable":true,"href":"https:\/\/baons-le-comte.fr\/index.php\/wp-json\/wp\/v2\/comments?post=2379"}],"version-history":[{"count":2,"href":"https:\/\/baons-le-comte.fr\/index.php\/wp-json\/wp\/v2\/posts\/2379\/revisions"}],"predecessor-version":[{"id":2382,"href":"https:\/\/baons-le-comte.fr\/index.php\/wp-json\/wp\/v2\/posts\/2379\/revisions\/2382"}],"wp:featuredmedia":[{"embeddable":true,"href":"https:\/\/baons-le-comte.fr\/index.php\/wp-json\/wp\/v2\/media\/2380"}],"wp:attachment":[{"href":"https:\/\/baons-le-comte.fr\/index.php\/wp-json\/wp\/v2\/media?parent=2379"}],"wp:term":[{"taxonomy":"category","embeddable":true,"href":"https:\/\/baons-le-comte.fr\/index.php\/wp-json\/wp\/v2\/categories?post=2379"},{"taxonomy":"post_tag","embeddable":true,"href":"https:\/\/baons-le-comte.fr\/index.php\/wp-json\/wp\/v2\/tags?post=2379"}],"curies":[{"name":"wp","href":"https:\/\/api.w.org\/{rel}","templated":true}]}}