{"id":2403,"date":"2021-05-09T00:09:22","date_gmt":"2021-05-08T22:09:22","guid":{"rendered":"https:\/\/baons-le-comte.fr\/?p=2403"},"modified":"2023-05-08T20:28:14","modified_gmt":"2023-05-08T18:28:14","slug":"ceremonie-du-8-mai-2","status":"publish","type":"post","link":"https:\/\/baons-le-comte.fr\/index.php\/2021\/05\/09\/ceremonie-du-8-mai-2\/","title":{"rendered":"C\u00c9R\u00c9MONIE DU 8 MAI"},"content":{"rendered":"\n<p>La comm\u00e9moration du 8\u00a0mai 1945\u00a0a pris, cette ann\u00e9e encore, une dimension toute particuli\u00e8re, Covid-19\u00a0oblige. <\/p>\n\n\n\n<p>C&rsquo;est sous la pluie et en pr\u00e9sence des Anciens combattants et du Conseil municipal, qu&rsquo;a eu lieu la c\u00e9r\u00e9monie, ce matin, \u00e0 9 heures 40, devant notre monument aux Morts.<\/p>\n\n\n\n<p><\/p>\n\n\n\n<div class=\"wp-block-image\"><figure class=\"aligncenter size-large is-resized\"><a href=\"https:\/\/baons-le-comte.fr\/wp-content\/uploads\/2021\/05\/IMG_8597.jpg\"><img loading=\"lazy\" decoding=\"async\" src=\"https:\/\/baons-le-comte.fr\/wp-content\/uploads\/2021\/05\/IMG_8597.jpg\" alt=\"\" class=\"wp-image-2414\" width=\"479\" height=\"639\" srcset=\"https:\/\/baons-le-comte.fr\/wp-content\/uploads\/2021\/05\/IMG_8597.jpg 480w, https:\/\/baons-le-comte.fr\/wp-content\/uploads\/2021\/05\/IMG_8597-225x300.jpg 225w\" sizes=\"(max-width: 479px) 100vw, 479px\" \/><\/a><\/figure><\/div>\n\n\n\n<div class=\"wp-block-image\"><figure class=\"aligncenter size-large\"><a href=\"https:\/\/baons-le-comte.fr\/wp-content\/uploads\/2021\/05\/IMG_8599.jpg\"><img loading=\"lazy\" decoding=\"async\" width=\"480\" height=\"640\" src=\"https:\/\/baons-le-comte.fr\/wp-content\/uploads\/2021\/05\/IMG_8599.jpg\" alt=\"\" class=\"wp-image-2415\" srcset=\"https:\/\/baons-le-comte.fr\/wp-content\/uploads\/2021\/05\/IMG_8599.jpg 480w, https:\/\/baons-le-comte.fr\/wp-content\/uploads\/2021\/05\/IMG_8599-225x300.jpg 225w\" sizes=\"(max-width: 480px) 100vw, 480px\" \/><\/a><\/figure><\/div>\n\n\n\n<p><\/p>\n","protected":false},"excerpt":{"rendered":"<p>La comm\u00e9moration du 8\u00a0mai 1945\u00a0a pris, cette ann\u00e9e encore, une dimension toute particuli\u00e8re, Covid-19\u00a0oblige. C&rsquo;est sous la pluie et en pr\u00e9sence des Anciens combattants et du Conseil municipal, qu&rsquo;a eu lieu la c\u00e9r\u00e9monie, ce matin, \u00e0 9 heures 40, devant notre monument aux Morts.<\/p>\n","protected":false},"author":5,"featured_media":2417,"comment_status":"closed","ping_status":"open","sticky":false,"template":"","format":"standard","meta":{"footnotes":""},"categories":[15,8,4,10],"tags":[24,30,29],"class_list":["post-2403","post","type-post","status-publish","format-standard","has-post-thumbnail","hentry","category-actualite-associations","category-associations","category-histoire","category-monuments","tag-associations","tag-histoire","tag-monuments"],"aioseo_notices":[],"_links":{"self":[{"href":"https:\/\/baons-le-comte.fr\/index.php\/wp-json\/wp\/v2\/posts\/2403"}],"collection":[{"href":"https:\/\/baons-le-comte.fr\/index.php\/wp-json\/wp\/v2\/posts"}],"about":[{"href":"https:\/\/baons-le-comte.fr\/index.php\/wp-json\/wp\/v2\/types\/post"}],"author":[{"embeddable":true,"href":"https:\/\/baons-le-comte.fr\/index.php\/wp-json\/wp\/v2\/users\/5"}],"replies":[{"embeddable":true,"href":"https:\/\/baons-le-comte.fr\/index.php\/wp-json\/wp\/v2\/comments?post=2403"}],"version-history":[{"count":3,"href":"https:\/\/baons-le-comte.fr\/index.php\/wp-json\/wp\/v2\/posts\/2403\/revisions"}],"predecessor-version":[{"id":2419,"href":"https:\/\/baons-le-comte.fr\/index.php\/wp-json\/wp\/v2\/posts\/2403\/revisions\/2419"}],"wp:featuredmedia":[{"embeddable":true,"href":"https:\/\/baons-le-comte.fr\/index.php\/wp-json\/wp\/v2\/media\/2417"}],"wp:attachment":[{"href":"https:\/\/baons-le-comte.fr\/index.php\/wp-json\/wp\/v2\/media?parent=2403"}],"wp:term":[{"taxonomy":"category","embeddable":true,"href":"https:\/\/baons-le-comte.fr\/index.php\/wp-json\/wp\/v2\/categories?post=2403"},{"taxonomy":"post_tag","embeddable":true,"href":"https:\/\/baons-le-comte.fr\/index.php\/wp-json\/wp\/v2\/tags?post=2403"}],"curies":[{"name":"wp","href":"https:\/\/api.w.org\/{rel}","templated":true}]}}