{"id":2621,"date":"2021-12-21T20:18:07","date_gmt":"2021-12-21T19:18:07","guid":{"rendered":"https:\/\/baons-le-comte.fr\/?p=2621"},"modified":"2021-12-21T20:20:17","modified_gmt":"2021-12-21T19:20:17","slug":"un-samedi-sous-le-theme-de-noel","status":"publish","type":"post","link":"https:\/\/baons-le-comte.fr\/index.php\/2021\/12\/21\/un-samedi-sous-le-theme-de-noel\/","title":{"rendered":"UN SAMEDI SOUS LE TH\u00c8ME DE NO\u00cbL"},"content":{"rendered":"\n<p>Samedi matin, le CCAS a distribu\u00e9 les paniers gourmands, pour nos a\u00een\u00e9s qui en avaient fait le choix .<\/p>\n\n\n\n<p>Samedi apr\u00e8s-midi, c&rsquo;est un atelier cr\u00e9atif qui s&rsquo;est d\u00e9roul\u00e9 dans la salle de la mairie, dans le respect des r\u00e8gles sanitaires .<\/p>\n\n\n\n<p>M\u00e9lanie TORCHY, Conseill\u00e8re municipale, fleuriste de formation, a anim\u00e9 un atelier \u00ab\u00a0centre de table de No\u00ebl\u00a0\u00bb. Chaque participant est reparti avec sa cr\u00e9ation, elles \u00e9taient toutes tr\u00e8s r\u00e9ussies. <\/p>\n\n\n\n<p>Bravo \u00e0 tous ! <\/p>\n\n\n\n<figure class=\"wp-block-image size-full\"><a href=\"https:\/\/baons-le-comte.fr\/wp-content\/uploads\/2021\/12\/IMG_9783.jpg\"><img loading=\"lazy\" decoding=\"async\" width=\"960\" height=\"739\" src=\"https:\/\/baons-le-comte.fr\/wp-content\/uploads\/2021\/12\/IMG_9783.jpg\" alt=\"\" class=\"wp-image-2603\" srcset=\"https:\/\/baons-le-comte.fr\/wp-content\/uploads\/2021\/12\/IMG_9783.jpg 960w, https:\/\/baons-le-comte.fr\/wp-content\/uploads\/2021\/12\/IMG_9783-300x231.jpg 300w, https:\/\/baons-le-comte.fr\/wp-content\/uploads\/2021\/12\/IMG_9783-768x591.jpg 768w\" sizes=\"(max-width: 960px) 100vw, 960px\" \/><\/a><\/figure>\n\n\n\n<figure class=\"wp-block-image size-full\"><a href=\"https:\/\/baons-le-comte.fr\/wp-content\/uploads\/2021\/12\/IMG_9787.jpg\"><img loading=\"lazy\" decoding=\"async\" width=\"960\" height=\"618\" src=\"https:\/\/baons-le-comte.fr\/wp-content\/uploads\/2021\/12\/IMG_9787.jpg\" alt=\"\" class=\"wp-image-2607\" srcset=\"https:\/\/baons-le-comte.fr\/wp-content\/uploads\/2021\/12\/IMG_9787.jpg 960w, https:\/\/baons-le-comte.fr\/wp-content\/uploads\/2021\/12\/IMG_9787-300x193.jpg 300w, https:\/\/baons-le-comte.fr\/wp-content\/uploads\/2021\/12\/IMG_9787-768x494.jpg 768w\" sizes=\"(max-width: 960px) 100vw, 960px\" \/><\/a><\/figure>\n\n\n\n<figure class=\"wp-block-image size-large\"><a href=\"https:\/\/baons-le-comte.fr\/wp-content\/uploads\/2021\/12\/incollage_save.jpg\"><img loading=\"lazy\" decoding=\"async\" width=\"1024\" height=\"1024\" src=\"https:\/\/baons-le-comte.fr\/wp-content\/uploads\/2021\/12\/incollage_save-1024x1024.jpg\" alt=\"\" class=\"wp-image-2634\" srcset=\"https:\/\/baons-le-comte.fr\/wp-content\/uploads\/2021\/12\/incollage_save-1024x1024.jpg 1024w, https:\/\/baons-le-comte.fr\/wp-content\/uploads\/2021\/12\/incollage_save-300x300.jpg 300w, https:\/\/baons-le-comte.fr\/wp-content\/uploads\/2021\/12\/incollage_save-150x150.jpg 150w, https:\/\/baons-le-comte.fr\/wp-content\/uploads\/2021\/12\/incollage_save-768x768.jpg 768w, https:\/\/baons-le-comte.fr\/wp-content\/uploads\/2021\/12\/incollage_save-1536x1536.jpg 1536w, https:\/\/baons-le-comte.fr\/wp-content\/uploads\/2021\/12\/incollage_save.jpg 2048w\" sizes=\"(max-width: 1024px) 100vw, 1024px\" \/><\/a><figcaption>created by inCollage<\/figcaption><\/figure>\n","protected":false},"excerpt":{"rendered":"<p>Samedi matin, le CCAS a distribu\u00e9 les paniers gourmands, pour nos a\u00een\u00e9s qui en avaient fait le choix . Samedi apr\u00e8s-midi, c&rsquo;est un atelier cr\u00e9atif qui s&rsquo;est d\u00e9roul\u00e9 dans la salle de la mairie, dans le respect des r\u00e8gles sanitaires . M\u00e9lanie TORCHY, Conseill\u00e8re municipale, fleuriste de formation, a anim\u00e9 un atelier \u00ab\u00a0centre de table &hellip; <a href=\"https:\/\/baons-le-comte.fr\/index.php\/2021\/12\/21\/un-samedi-sous-le-theme-de-noel\/\" class=\"more-link\">Continuer la lecture de <span class=\"screen-reader-text\">UN SAMEDI SOUS LE TH\u00c8ME DE NO\u00cbL<\/span>  <span class=\"meta-nav\">&rarr;<\/span><\/a><\/p>\n","protected":false},"author":5,"featured_media":2604,"comment_status":"closed","ping_status":"open","sticky":false,"template":"","format":"standard","meta":{"footnotes":""},"categories":[14,1,7],"tags":[],"class_list":["post-2621","post","type-post","status-publish","format-standard","has-post-thumbnail","hentry","category-actualite-mairie","category-non-classe","category-village"],"aioseo_notices":[],"_links":{"self":[{"href":"https:\/\/baons-le-comte.fr\/index.php\/wp-json\/wp\/v2\/posts\/2621"}],"collection":[{"href":"https:\/\/baons-le-comte.fr\/index.php\/wp-json\/wp\/v2\/posts"}],"about":[{"href":"https:\/\/baons-le-comte.fr\/index.php\/wp-json\/wp\/v2\/types\/post"}],"author":[{"embeddable":true,"href":"https:\/\/baons-le-comte.fr\/index.php\/wp-json\/wp\/v2\/users\/5"}],"replies":[{"embeddable":true,"href":"https:\/\/baons-le-comte.fr\/index.php\/wp-json\/wp\/v2\/comments?post=2621"}],"version-history":[{"count":2,"href":"https:\/\/baons-le-comte.fr\/index.php\/wp-json\/wp\/v2\/posts\/2621\/revisions"}],"predecessor-version":[{"id":2635,"href":"https:\/\/baons-le-comte.fr\/index.php\/wp-json\/wp\/v2\/posts\/2621\/revisions\/2635"}],"wp:featuredmedia":[{"embeddable":true,"href":"https:\/\/baons-le-comte.fr\/index.php\/wp-json\/wp\/v2\/media\/2604"}],"wp:attachment":[{"href":"https:\/\/baons-le-comte.fr\/index.php\/wp-json\/wp\/v2\/media?parent=2621"}],"wp:term":[{"taxonomy":"category","embeddable":true,"href":"https:\/\/baons-le-comte.fr\/index.php\/wp-json\/wp\/v2\/categories?post=2621"},{"taxonomy":"post_tag","embeddable":true,"href":"https:\/\/baons-le-comte.fr\/index.php\/wp-json\/wp\/v2\/tags?post=2621"}],"curies":[{"name":"wp","href":"https:\/\/api.w.org\/{rel}","templated":true}]}}