{"id":2767,"date":"2022-05-01T21:08:46","date_gmt":"2022-05-01T19:08:46","guid":{"rendered":"https:\/\/baons-le-comte.fr\/?p=2767"},"modified":"2022-05-11T21:34:01","modified_gmt":"2022-05-11T19:34:01","slug":"au-fil-des-associations-n2","status":"publish","type":"post","link":"https:\/\/baons-le-comte.fr\/index.php\/2022\/05\/01\/au-fil-des-associations-n2\/","title":{"rendered":"AU FIL DES ASSOCIATIONS &#8211; N\u00b02"},"content":{"rendered":"\n<p>AMICALE DES ANCIENS COMBATTANTS DE BAONS-LE-COMTE<\/p>\n\n\n\n<p>Un petit tour sur les origines de cette Amicale.<br>Il semblerait que ce soit Louis QUESNEL qui fut le premier Pr\u00e9sident. Puis Rene SERY le rempla\u00e7a jusqu\u2019en 1958.<br>A cette date, Monsieur GUERARD prit la suite, suivi par Monsieur LELOUARD (Papa&nbsp;d\u2019Yvette PICARD).                                                                           En 1987, Andr\u00e9 SERY devient Pr\u00e9sident et cela durant 29 ans.<br>Depuis 2018, Myl\u00e8ne DUBUISSON est la premi\u00e8re femme \u00e0 acc\u00e9der \u00e0 ce poste.<\/p>\n\n\n\n<p><br>A l\u2019\u00e9poque de Ren\u00e9 SERY, un banquet avait lieu dans la salle des mariages, \u00e0 la mairie.<br>Ce sont les jeunes filles du village qui faisaient le service. Madame BORGE organisait&nbsp;et cuisinait chez elle et n\u2019avait plus qu\u2019\u00e0 traverser la route pour apporter les plats..<\/p>\n\n\n\n<p><br>Durant la pr\u00e9sidence d\u2019Andr\u00e9 SERY, Philippe CARPENTIER \u00e9tait vice-pr\u00e9sident, Yves BEAUNAY, secr\u00e9taire ( encore a ce poste en 2022) et Jean SZCZEPSKI, tr\u00e9sorier.<\/p>\n\n\n\n<p><br>Durant quelques ann\u00e9es, les repas du 11 novembre avaient lieu dans la petite salle derri\u00e8re l\u2019\u00e9cole, les \u00e9pouses faisaient le service puis Nelly GUICHET les rempla\u00e7a quelques ann\u00e9es. Maintenant,&nbsp; c\u2019est dans un restaurant d\u2019Yvetot ou alentours que nous nous retrouvons..<br><\/p>\n\n\n\n<p>L\u2019Assemblee g\u00e9n\u00e9rale \u00e9tait fix\u00e9e cette ann\u00e9e au 30 mars 2022 \u00e0 18 h. Monsieur Didier TERRIER, Conseiller d\u00e9partemental&nbsp; nous avait fait l\u2019honneur de sa pr\u00e9sence.<\/p>\n\n\n\n<p><br>Les porte-drapeaux ont \u00e9t\u00e9 Monsieur SEGUIN longtemps second\u00e9 par Monsieur HAGUE. Monsieur LELOUARD prit quelque temps ce r\u00f4le malgr\u00e9 sa t\u00e2che de Pr\u00e9sident .<br>Claude PICARD le rempla\u00e7a jusque fin 2009. Vint le tour de Jean DUVAL qui sera lib\u00e9r\u00e9 en 2022 par Marc DUBUISSON.<\/p>\n\n\n\n<p>Aujourd&rsquo;hui, \u00e0 cause de la p\u00e9riode mondiale trouble que nous traversons, il parait tr\u00e8s important de se rappeler de tous nos soldats d\u00e9funts dont les noms sont inscrits sur les monuments aux Morts.<br>Le devoir de m\u00e9moire doit se poursuivre dans nos familles, nos \u00e9coles et dans nos villages.<br>Les c\u00e9r\u00e9monies des 8 mai et du 11 novembre doivent toujours \u00eatre f\u00eat\u00e9es dans le futur pour rappeler \u00e0 notre g\u00e9n\u00e9ration et \u00e0 nos jeunes combien ces sacrifices furent nombreux.<\/p>\n\n\n\n<p>Fran\u00e7oise<\/p>\n\n\n\n<figure class=\"wp-block-image size-large\"><a href=\"https:\/\/baons-le-comte.fr\/wp-content\/uploads\/2020\/11\/IMG_7345-scaled.jpg\"><img loading=\"lazy\" decoding=\"async\" width=\"768\" height=\"1024\" src=\"https:\/\/baons-le-comte.fr\/wp-content\/uploads\/2020\/11\/IMG_7345-768x1024.jpg\" alt=\"\" class=\"wp-image-2254\" srcset=\"https:\/\/baons-le-comte.fr\/wp-content\/uploads\/2020\/11\/IMG_7345-768x1024.jpg 768w, https:\/\/baons-le-comte.fr\/wp-content\/uploads\/2020\/11\/IMG_7345-225x300.jpg 225w, https:\/\/baons-le-comte.fr\/wp-content\/uploads\/2020\/11\/IMG_7345-1152x1536.jpg 1152w, https:\/\/baons-le-comte.fr\/wp-content\/uploads\/2020\/11\/IMG_7345-1536x2048.jpg 1536w, https:\/\/baons-le-comte.fr\/wp-content\/uploads\/2020\/11\/IMG_7345-scaled.jpg 1920w\" sizes=\"(max-width: 768px) 100vw, 768px\" \/><\/a><\/figure>\n\n\n\n<figure class=\"wp-block-image size-large\"><a href=\"https:\/\/baons-le-comte.fr\/wp-content\/uploads\/2020\/11\/IMG_7346-scaled.jpg\"><img loading=\"lazy\" decoding=\"async\" width=\"1024\" height=\"768\" src=\"https:\/\/baons-le-comte.fr\/wp-content\/uploads\/2020\/11\/IMG_7346-1024x768.jpg\" alt=\"\" class=\"wp-image-2255\" srcset=\"https:\/\/baons-le-comte.fr\/wp-content\/uploads\/2020\/11\/IMG_7346-1024x768.jpg 1024w, https:\/\/baons-le-comte.fr\/wp-content\/uploads\/2020\/11\/IMG_7346-300x225.jpg 300w, https:\/\/baons-le-comte.fr\/wp-content\/uploads\/2020\/11\/IMG_7346-768x576.jpg 768w, https:\/\/baons-le-comte.fr\/wp-content\/uploads\/2020\/11\/IMG_7346-1536x1152.jpg 1536w, https:\/\/baons-le-comte.fr\/wp-content\/uploads\/2020\/11\/IMG_7346-2048x1536.jpg 2048w\" sizes=\"(max-width: 1024px) 100vw, 1024px\" \/><\/a><\/figure>\n","protected":false},"excerpt":{"rendered":"<p>AMICALE DES ANCIENS COMBATTANTS DE BAONS-LE-COMTE Un petit tour sur les origines de cette Amicale.Il semblerait que ce soit Louis QUESNEL qui fut le premier Pr\u00e9sident. Puis Rene SERY le rempla\u00e7a jusqu\u2019en 1958.A cette date, Monsieur GUERARD prit la suite, suivi par Monsieur LELOUARD (Papa&nbsp;d\u2019Yvette PICARD). En 1987, Andr\u00e9 SERY devient Pr\u00e9sident et cela durant &hellip; <a href=\"https:\/\/baons-le-comte.fr\/index.php\/2022\/05\/01\/au-fil-des-associations-n2\/\" class=\"more-link\">Continuer la lecture de <span class=\"screen-reader-text\">AU FIL DES ASSOCIATIONS &#8211; N\u00b02<\/span>  <span class=\"meta-nav\">&rarr;<\/span><\/a><\/p>\n","protected":false},"author":5,"featured_media":276,"comment_status":"closed","ping_status":"open","sticky":false,"template":"","format":"standard","meta":{"footnotes":""},"categories":[1],"tags":[],"class_list":["post-2767","post","type-post","status-publish","format-standard","has-post-thumbnail","hentry","category-non-classe"],"aioseo_notices":[],"_links":{"self":[{"href":"https:\/\/baons-le-comte.fr\/index.php\/wp-json\/wp\/v2\/posts\/2767"}],"collection":[{"href":"https:\/\/baons-le-comte.fr\/index.php\/wp-json\/wp\/v2\/posts"}],"about":[{"href":"https:\/\/baons-le-comte.fr\/index.php\/wp-json\/wp\/v2\/types\/post"}],"author":[{"embeddable":true,"href":"https:\/\/baons-le-comte.fr\/index.php\/wp-json\/wp\/v2\/users\/5"}],"replies":[{"embeddable":true,"href":"https:\/\/baons-le-comte.fr\/index.php\/wp-json\/wp\/v2\/comments?post=2767"}],"version-history":[{"count":4,"href":"https:\/\/baons-le-comte.fr\/index.php\/wp-json\/wp\/v2\/posts\/2767\/revisions"}],"predecessor-version":[{"id":2773,"href":"https:\/\/baons-le-comte.fr\/index.php\/wp-json\/wp\/v2\/posts\/2767\/revisions\/2773"}],"wp:featuredmedia":[{"embeddable":true,"href":"https:\/\/baons-le-comte.fr\/index.php\/wp-json\/wp\/v2\/media\/276"}],"wp:attachment":[{"href":"https:\/\/baons-le-comte.fr\/index.php\/wp-json\/wp\/v2\/media?parent=2767"}],"wp:term":[{"taxonomy":"category","embeddable":true,"href":"https:\/\/baons-le-comte.fr\/index.php\/wp-json\/wp\/v2\/categories?post=2767"},{"taxonomy":"post_tag","embeddable":true,"href":"https:\/\/baons-le-comte.fr\/index.php\/wp-json\/wp\/v2\/tags?post=2767"}],"curies":[{"name":"wp","href":"https:\/\/api.w.org\/{rel}","templated":true}]}}