{"id":2966,"date":"2023-04-19T16:40:34","date_gmt":"2023-04-19T14:40:34","guid":{"rendered":"https:\/\/baons-le-comte.fr\/?p=2966"},"modified":"2023-04-20T11:41:50","modified_gmt":"2023-04-20T09:41:50","slug":"au-fil-des-associations-n3-2","status":"publish","type":"post","link":"https:\/\/baons-le-comte.fr\/index.php\/2023\/04\/19\/au-fil-des-associations-n3-2\/","title":{"rendered":"AU FIL DES ASSOCIATIONS &#8211; N\u00b03"},"content":{"rendered":"\n<p>COOL  SCHOOL<\/p>\n\n\n\n<p><\/p>\n\n\n\n<blockquote class=\"wp-block-quote is-layout-flow wp-block-quote-is-layout-flow\">\n<p>Cette association cr\u00e9\u00e9e en 2008 a pour but :&nbsp;<\/p>\n\n\n\n<p>&#8211; de d\u00e9velopper la pratique de la langue anglaise au moyen de diff\u00e9rentes activit\u00e9s :<\/p>\n\n\n\n<p>&#8211; groupe de discussion,<\/p>\n\n\n\n<p>&#8211; \u00e9tude de la presse anglaise,<\/p>\n\n\n\n<p>&#8211; utilisation des outils audiovisuels,<\/p>\n\n\n\n<p>&#8211; rencontre avec des Britanniques,<\/p>\n\n\n\n<p>&#8211; sorties..etc..<\/p>\n\n\n\n<p>Son si\u00e8ge social est fix\u00e9 \u00e0 la mairie de Baons-le-Comte (76190)o\u00f9 l\u2019on se r\u00e9unit dans la salle du Conseil Municipal mis \u00e0 disposition par la mairie.<\/p>\n\n\n\n<p>En 2008, l\u2019association recensait 17 adh\u00e9rents, en 2009, 15 adh\u00e9rents, en 2010-2011, 27 adh\u00e9rents.<\/p>\n\n\n\n<p>Le nombre \u00e9lev\u00e9 d\u2019\u00e9l\u00e8ves s\u2019accommode difficilement d\u2019une participation de plus de 12 personnes par groupes. C\u2019est la raison pour laquelle on a organis\u00e9 deux sessions de 75 minutes chacune.&nbsp;<\/p>\n\n\n\n<p>Depuis 2023, &nbsp;12 personnes ont repris les cours le mardi de 18 h \u00e0 19 h30 \u00e0 la mairie de Baons- le- Comte.<\/p>\n\n\n\n<p>Puis avec les ann\u00e9es \u00ab Covid \u00bb il a \u00e9t\u00e9 d\u00e9cid\u00e9 un \u00ab mixte \u00bb \u00e0 savoir visio et pr\u00e9f\u00e9rentiel et cela dura jusqu\u2019\u00e0 l\u2019automne 2021.<\/p>\n\n\n\n<p>Et pendant les p\u00e9riodes d\u2019intense activit\u00e9, de nombreux voyages furent propos\u00e9s :<\/p>\n\n\n\n<p>En 2008, Canterbury, en 2009, Hastings et environs, en 2011, Brighton, en 2013, Londres mais qui sera finalis\u00e9 en 2014 et en 2017 \u00e0 nouveau Londres.<\/p>\n\n\n\n<p>La composition du bureau en 2008 \u00e9tait le suivant :<\/p>\n\n\n\n<p>&nbsp;&#8211; G\u00e9rard Bruny, &nbsp;pr\u00e9sident&nbsp;<\/p>\n\n\n\n<p>&nbsp;&#8211; Carmen Canac, tr\u00e9sori\u00e8re&nbsp;<\/p>\n\n\n\n<p>&nbsp;&#8211; Chantal Tondelier, secr\u00e9taire&nbsp;<\/p>\n\n\n\n<p>En 2015,&nbsp;<\/p>\n\n\n\n<p>&nbsp;&#8211; &nbsp;Martine Cornu, pr\u00e9sidente&nbsp;<\/p>\n\n\n\n<p>&nbsp;&#8211; &nbsp;Fabienne Deshaies, tr\u00e9sori\u00e8re&nbsp;<\/p>\n\n\n\n<p>&nbsp;&#8211; &nbsp;Myriam R\u00e9my, secr\u00e9taire, les 3 habitantes \u00e0 Baons-le-Comte<\/p>\n\n\n\n<p>En 2020,<\/p>\n\n\n\n<p>&nbsp;&#8211; &nbsp;Fabienne Deshaies, pr\u00e9sidente&nbsp;<\/p>\n\n\n\n<p>&nbsp;&#8211; &nbsp;Elisabeth Brousse, tr\u00e9sori\u00e8re&nbsp;<\/p>\n\n\n\n<p>&nbsp;&#8211; &nbsp;Francine Schweitzer, secr\u00e9taire&nbsp;<\/p>\n\n\n\n<p>Et enfin en 2022,&nbsp;<\/p>\n\n\n\n<p>&nbsp;&#8211; &nbsp;Fabienne Deshaies, pr\u00e9sidente&nbsp;<\/p>\n\n\n\n<p>&nbsp;&#8211; &nbsp;Mireille Cleret, tr\u00e9sori\u00e8re.<\/p>\n\n\n\n<p>Tous les renseignements peuvent \u00eatre demand\u00e9s \u00e0&nbsp;<\/p>\n\n\n\n<p>&#8211; &nbsp;Fabienne Deshaies, pr\u00e9sidente, au 06 83 46 89 78<\/p>\n\n\n\n<p>Ou \u00e0 Martine Forneberg, animatrice de l\u2019association, <\/p>\n\n\n\n<p>au 06 40 71 01 52 .<\/p>\n\n\n\n<p><\/p>\n\n\n\n<p><\/p>\n\n\n\n<p>                                                                                                                     Fran\u00e7oise<\/p>\n<\/blockquote>\n\n\n\n<figure class=\"wp-block-image size-large\"><a href=\"https:\/\/baons-le-comte.fr\/wp-content\/uploads\/2023\/04\/england-g4c99cc8dd_1920.jpg\"><img loading=\"lazy\" decoding=\"async\" width=\"1024\" height=\"684\" src=\"https:\/\/baons-le-comte.fr\/wp-content\/uploads\/2023\/04\/england-g4c99cc8dd_1920-1024x684.jpg\" alt=\"\" class=\"wp-image-2971\" srcset=\"https:\/\/baons-le-comte.fr\/wp-content\/uploads\/2023\/04\/england-g4c99cc8dd_1920-1024x684.jpg 1024w, https:\/\/baons-le-comte.fr\/wp-content\/uploads\/2023\/04\/england-g4c99cc8dd_1920-300x200.jpg 300w, https:\/\/baons-le-comte.fr\/wp-content\/uploads\/2023\/04\/england-g4c99cc8dd_1920-768x513.jpg 768w, https:\/\/baons-le-comte.fr\/wp-content\/uploads\/2023\/04\/england-g4c99cc8dd_1920-1536x1026.jpg 1536w, https:\/\/baons-le-comte.fr\/wp-content\/uploads\/2023\/04\/england-g4c99cc8dd_1920.jpg 1920w\" sizes=\"(max-width: 1024px) 100vw, 1024px\" \/><\/a><\/figure>\n","protected":false},"excerpt":{"rendered":"<p>COOL SCHOOL Cette association cr\u00e9\u00e9e en 2008 a pour but :&nbsp; &#8211; de d\u00e9velopper la pratique de la langue anglaise au moyen de diff\u00e9rentes activit\u00e9s : &#8211; groupe de discussion, &#8211; \u00e9tude de la presse anglaise, &#8211; utilisation des outils audiovisuels, &#8211; rencontre avec des Britanniques, &#8211; sorties..etc.. Son si\u00e8ge social est fix\u00e9 \u00e0 la &hellip; <a href=\"https:\/\/baons-le-comte.fr\/index.php\/2023\/04\/19\/au-fil-des-associations-n3-2\/\" class=\"more-link\">Continuer la lecture de <span class=\"screen-reader-text\">AU FIL DES ASSOCIATIONS &#8211; N\u00b03<\/span>  <span class=\"meta-nav\">&rarr;<\/span><\/a><\/p>\n","protected":false},"author":5,"featured_media":2970,"comment_status":"closed","ping_status":"open","sticky":false,"template":"","format":"standard","meta":{"footnotes":""},"categories":[15,8,1],"tags":[24],"class_list":["post-2966","post","type-post","status-publish","format-standard","has-post-thumbnail","hentry","category-actualite-associations","category-associations","category-non-classe","tag-associations"],"aioseo_notices":[],"_links":{"self":[{"href":"https:\/\/baons-le-comte.fr\/index.php\/wp-json\/wp\/v2\/posts\/2966"}],"collection":[{"href":"https:\/\/baons-le-comte.fr\/index.php\/wp-json\/wp\/v2\/posts"}],"about":[{"href":"https:\/\/baons-le-comte.fr\/index.php\/wp-json\/wp\/v2\/types\/post"}],"author":[{"embeddable":true,"href":"https:\/\/baons-le-comte.fr\/index.php\/wp-json\/wp\/v2\/users\/5"}],"replies":[{"embeddable":true,"href":"https:\/\/baons-le-comte.fr\/index.php\/wp-json\/wp\/v2\/comments?post=2966"}],"version-history":[{"count":4,"href":"https:\/\/baons-le-comte.fr\/index.php\/wp-json\/wp\/v2\/posts\/2966\/revisions"}],"predecessor-version":[{"id":2974,"href":"https:\/\/baons-le-comte.fr\/index.php\/wp-json\/wp\/v2\/posts\/2966\/revisions\/2974"}],"wp:featuredmedia":[{"embeddable":true,"href":"https:\/\/baons-le-comte.fr\/index.php\/wp-json\/wp\/v2\/media\/2970"}],"wp:attachment":[{"href":"https:\/\/baons-le-comte.fr\/index.php\/wp-json\/wp\/v2\/media?parent=2966"}],"wp:term":[{"taxonomy":"category","embeddable":true,"href":"https:\/\/baons-le-comte.fr\/index.php\/wp-json\/wp\/v2\/categories?post=2966"},{"taxonomy":"post_tag","embeddable":true,"href":"https:\/\/baons-le-comte.fr\/index.php\/wp-json\/wp\/v2\/tags?post=2966"}],"curies":[{"name":"wp","href":"https:\/\/api.w.org\/{rel}","templated":true}]}}