{"id":483,"date":"2016-12-27T20:03:05","date_gmt":"2016-12-27T19:03:05","guid":{"rendered":"http:\/\/baons-le-comte.fr\/?p=483"},"modified":"2017-01-21T19:24:25","modified_gmt":"2017-01-21T18:24:25","slug":"annee-scolaire-2016-2017-la-rentree","status":"publish","type":"post","link":"https:\/\/baons-le-comte.fr\/index.php\/2016\/12\/27\/annee-scolaire-2016-2017-la-rentree\/","title":{"rendered":"Ann\u00e9e scolaire 2016-2017 La rentr\u00e9e"},"content":{"rendered":"<p>&nbsp;<\/p>\n<p>Cette ann\u00e9e, 18 \u00e9l\u00e8ves ont fait leur rentr\u00e9e \u00e0 l\u2019\u00e9cole maternelle\u00a0:<\/p>\n<ul>\n<li>2 \u00e9l\u00e8ves en toute petite section<\/li>\n<li>8 \u00e9l\u00e8ves en petite section<\/li>\n<li>4 \u00e9l\u00e8ves en moyenne section<\/li>\n<li>4 \u00e9l\u00e8ves en grande section<\/li>\n<\/ul>\n<p>Draisiennes, trottinettes, tandems et tricycles ont repris du service pour le plus grand bonheur des petits et des grands\u00a0!<\/p>\n<p><a href=\"https:\/\/baons-le-comte.fr\/wp-content\/uploads\/2016\/12\/photo-Ecole11.jpg\"><img loading=\"lazy\" decoding=\"async\" class=\"alignnone wp-image-466 size-medium\" src=\"https:\/\/baons-le-comte.fr\/wp-content\/uploads\/2016\/12\/photo-Ecole11-e1485023055310-300x172.jpg\" width=\"300\" height=\"172\" srcset=\"https:\/\/baons-le-comte.fr\/wp-content\/uploads\/2016\/12\/photo-Ecole11-e1485023055310-300x172.jpg 300w, https:\/\/baons-le-comte.fr\/wp-content\/uploads\/2016\/12\/photo-Ecole11-e1485023055310-768x440.jpg 768w, https:\/\/baons-le-comte.fr\/wp-content\/uploads\/2016\/12\/photo-Ecole11-e1485023055310-1024x587.jpg 1024w, https:\/\/baons-le-comte.fr\/wp-content\/uploads\/2016\/12\/photo-Ecole11-e1485023055310.jpg 1428w\" sizes=\"(max-width: 300px) 100vw, 300px\" \/><\/a><\/p>\n","protected":false},"excerpt":{"rendered":"<p>&nbsp; Cette ann\u00e9e, 18 \u00e9l\u00e8ves ont fait leur rentr\u00e9e \u00e0 l\u2019\u00e9cole maternelle\u00a0: 2 \u00e9l\u00e8ves en toute petite section 8 \u00e9l\u00e8ves en petite section 4 \u00e9l\u00e8ves en moyenne section 4 \u00e9l\u00e8ves en grande section Draisiennes, trottinettes, tandems et tricycles ont repris du service pour le plus grand bonheur des petits et des grands\u00a0!<\/p>\n","protected":false},"author":3,"featured_media":0,"comment_status":"closed","ping_status":"open","sticky":false,"template":"","format":"standard","meta":{"footnotes":""},"categories":[9],"tags":[],"class_list":["post-483","post","type-post","status-publish","format-standard","hentry","category-ecole"],"aioseo_notices":[],"_links":{"self":[{"href":"https:\/\/baons-le-comte.fr\/index.php\/wp-json\/wp\/v2\/posts\/483"}],"collection":[{"href":"https:\/\/baons-le-comte.fr\/index.php\/wp-json\/wp\/v2\/posts"}],"about":[{"href":"https:\/\/baons-le-comte.fr\/index.php\/wp-json\/wp\/v2\/types\/post"}],"author":[{"embeddable":true,"href":"https:\/\/baons-le-comte.fr\/index.php\/wp-json\/wp\/v2\/users\/3"}],"replies":[{"embeddable":true,"href":"https:\/\/baons-le-comte.fr\/index.php\/wp-json\/wp\/v2\/comments?post=483"}],"version-history":[{"count":2,"href":"https:\/\/baons-le-comte.fr\/index.php\/wp-json\/wp\/v2\/posts\/483\/revisions"}],"predecessor-version":[{"id":570,"href":"https:\/\/baons-le-comte.fr\/index.php\/wp-json\/wp\/v2\/posts\/483\/revisions\/570"}],"wp:attachment":[{"href":"https:\/\/baons-le-comte.fr\/index.php\/wp-json\/wp\/v2\/media?parent=483"}],"wp:term":[{"taxonomy":"category","embeddable":true,"href":"https:\/\/baons-le-comte.fr\/index.php\/wp-json\/wp\/v2\/categories?post=483"},{"taxonomy":"post_tag","embeddable":true,"href":"https:\/\/baons-le-comte.fr\/index.php\/wp-json\/wp\/v2\/tags?post=483"}],"curies":[{"name":"wp","href":"https:\/\/api.w.org\/{rel}","templated":true}]}}