{"id":664,"date":"2017-03-14T19:54:42","date_gmt":"2017-03-14T18:54:42","guid":{"rendered":"http:\/\/baons-le-comte.fr\/?p=664"},"modified":"2017-03-15T07:50:31","modified_gmt":"2017-03-15T06:50:31","slug":"narcisse-lemonnier","status":"publish","type":"post","link":"https:\/\/baons-le-comte.fr\/index.php\/2017\/03\/14\/narcisse-lemonnier\/","title":{"rendered":"Narcisse LEMONNIER"},"content":{"rendered":"<p><a href=\"https:\/\/baons-le-comte.fr\/wp-content\/uploads\/2017\/03\/NarcisseLemonnier.jpg\"><img loading=\"lazy\" decoding=\"async\" class=\"alignnone size-medium wp-image-681\" src=\"https:\/\/baons-le-comte.fr\/wp-content\/uploads\/2017\/03\/NarcisseLemonnier-234x300.jpg\" alt=\"\" width=\"234\" height=\"300\" srcset=\"https:\/\/baons-le-comte.fr\/wp-content\/uploads\/2017\/03\/NarcisseLemonnier-234x300.jpg 234w, https:\/\/baons-le-comte.fr\/wp-content\/uploads\/2017\/03\/NarcisseLemonnier.jpg 261w\" sizes=\"(max-width: 234px) 100vw, 234px\" \/><\/a><\/p>\n<p>Le Chanoine Narcisse LEMONNIER, n\u00e9 \u00e0 Baons-le-Comte en 1873, ordonn\u00e9 pr\u00eatre en1897, vicaire g\u00e9n\u00e9ral, directeur de l&rsquo;enseignement libre \u00e0 Rouen d\u00e8s 1919, professeur d&rsquo;anglais.<\/p>\n<p>Toute sa vie fut consacr\u00e9e \u00e0 l&rsquo;enseignement libre. Il fut aum\u00f4nier de l&rsquo;arm\u00e9e anglaise 1914-1918.<\/p>\n<p>Il est d\u00e9c\u00e9d\u00e9 \u00e0 Rouen le 9 mars 1956. Selon son d\u00e9sir il a \u00e9t\u00e9 inhum\u00e9 aux Baons-le-Comte le 14 Mars 1956.<\/p>\n","protected":false},"excerpt":{"rendered":"<p>Le Chanoine Narcisse LEMONNIER, n\u00e9 \u00e0 Baons-le-Comte en 1873, ordonn\u00e9 pr\u00eatre en1897, vicaire g\u00e9n\u00e9ral, directeur de l&rsquo;enseignement libre \u00e0 Rouen d\u00e8s 1919, professeur d&rsquo;anglais. Toute sa vie fut consacr\u00e9e \u00e0 l&rsquo;enseignement libre. Il fut aum\u00f4nier de l&rsquo;arm\u00e9e anglaise 1914-1918. Il est d\u00e9c\u00e9d\u00e9 \u00e0 Rouen le 9 mars 1956. Selon son d\u00e9sir il a \u00e9t\u00e9 inhum\u00e9 &hellip; <a href=\"https:\/\/baons-le-comte.fr\/index.php\/2017\/03\/14\/narcisse-lemonnier\/\" class=\"more-link\">Continuer la lecture de <span class=\"screen-reader-text\">Narcisse LEMONNIER<\/span>  <span class=\"meta-nav\">&rarr;<\/span><\/a><\/p>\n","protected":false},"author":3,"featured_media":0,"comment_status":"closed","ping_status":"open","sticky":false,"template":"","format":"standard","meta":{"footnotes":""},"categories":[11],"tags":[],"class_list":["post-664","post","type-post","status-publish","format-standard","hentry","category-personnes-celebres"],"aioseo_notices":[],"_links":{"self":[{"href":"https:\/\/baons-le-comte.fr\/index.php\/wp-json\/wp\/v2\/posts\/664"}],"collection":[{"href":"https:\/\/baons-le-comte.fr\/index.php\/wp-json\/wp\/v2\/posts"}],"about":[{"href":"https:\/\/baons-le-comte.fr\/index.php\/wp-json\/wp\/v2\/types\/post"}],"author":[{"embeddable":true,"href":"https:\/\/baons-le-comte.fr\/index.php\/wp-json\/wp\/v2\/users\/3"}],"replies":[{"embeddable":true,"href":"https:\/\/baons-le-comte.fr\/index.php\/wp-json\/wp\/v2\/comments?post=664"}],"version-history":[{"count":2,"href":"https:\/\/baons-le-comte.fr\/index.php\/wp-json\/wp\/v2\/posts\/664\/revisions"}],"predecessor-version":[{"id":683,"href":"https:\/\/baons-le-comte.fr\/index.php\/wp-json\/wp\/v2\/posts\/664\/revisions\/683"}],"wp:attachment":[{"href":"https:\/\/baons-le-comte.fr\/index.php\/wp-json\/wp\/v2\/media?parent=664"}],"wp:term":[{"taxonomy":"category","embeddable":true,"href":"https:\/\/baons-le-comte.fr\/index.php\/wp-json\/wp\/v2\/categories?post=664"},{"taxonomy":"post_tag","embeddable":true,"href":"https:\/\/baons-le-comte.fr\/index.php\/wp-json\/wp\/v2\/tags?post=664"}],"curies":[{"name":"wp","href":"https:\/\/api.w.org\/{rel}","templated":true}]}}