{"id":701,"date":"2017-05-10T17:59:24","date_gmt":"2017-05-10T16:59:24","guid":{"rendered":"http:\/\/baons-le-comte.fr\/?p=701"},"modified":"2017-06-01T18:06:59","modified_gmt":"2017-06-01T17:06:59","slug":"fetes-des-voisins-du-quartier-du-fay","status":"publish","type":"post","link":"https:\/\/baons-le-comte.fr\/index.php\/2017\/05\/10\/fetes-des-voisins-du-quartier-du-fay\/","title":{"rendered":"La F\u00eate des Voisins du Quartier du Fay"},"content":{"rendered":"<p><a href=\"https:\/\/baons-le-comte.fr\/wp-content\/uploads\/2017\/04\/fete-des-voisins.jpg\"><img loading=\"lazy\" decoding=\"async\" class=\"alignnone size-medium wp-image-792\" src=\"https:\/\/baons-le-comte.fr\/wp-content\/uploads\/2017\/04\/fete-des-voisins-300x151.jpg\" alt=\"\" width=\"300\" height=\"151\" srcset=\"https:\/\/baons-le-comte.fr\/wp-content\/uploads\/2017\/04\/fete-des-voisins-300x151.jpg 300w, https:\/\/baons-le-comte.fr\/wp-content\/uploads\/2017\/04\/fete-des-voisins.jpg 451w\" sizes=\"(max-width: 300px) 100vw, 300px\" \/><\/a><\/p>\n<p>La date de la f\u00eate des Voisins du Quartier du Fay est pr\u00e9vue cette ann\u00e9e le 10 Juin 2O17. Les personnes concern\u00e9s ont re\u00e7u une invitation.<\/p>\n","protected":false},"excerpt":{"rendered":"<p>La date de la f\u00eate des Voisins du Quartier du Fay est pr\u00e9vue cette ann\u00e9e le 10 Juin 2O17. Les personnes concern\u00e9s ont re\u00e7u une invitation.<\/p>\n","protected":false},"author":3,"featured_media":0,"comment_status":"closed","ping_status":"open","sticky":false,"template":"","format":"standard","meta":{"footnotes":""},"categories":[5],"tags":[],"class_list":["post-701","post","type-post","status-publish","format-standard","hentry","category-actualite"],"aioseo_notices":[],"_links":{"self":[{"href":"https:\/\/baons-le-comte.fr\/index.php\/wp-json\/wp\/v2\/posts\/701"}],"collection":[{"href":"https:\/\/baons-le-comte.fr\/index.php\/wp-json\/wp\/v2\/posts"}],"about":[{"href":"https:\/\/baons-le-comte.fr\/index.php\/wp-json\/wp\/v2\/types\/post"}],"author":[{"embeddable":true,"href":"https:\/\/baons-le-comte.fr\/index.php\/wp-json\/wp\/v2\/users\/3"}],"replies":[{"embeddable":true,"href":"https:\/\/baons-le-comte.fr\/index.php\/wp-json\/wp\/v2\/comments?post=701"}],"version-history":[{"count":5,"href":"https:\/\/baons-le-comte.fr\/index.php\/wp-json\/wp\/v2\/posts\/701\/revisions"}],"predecessor-version":[{"id":894,"href":"https:\/\/baons-le-comte.fr\/index.php\/wp-json\/wp\/v2\/posts\/701\/revisions\/894"}],"wp:attachment":[{"href":"https:\/\/baons-le-comte.fr\/index.php\/wp-json\/wp\/v2\/media?parent=701"}],"wp:term":[{"taxonomy":"category","embeddable":true,"href":"https:\/\/baons-le-comte.fr\/index.php\/wp-json\/wp\/v2\/categories?post=701"},{"taxonomy":"post_tag","embeddable":true,"href":"https:\/\/baons-le-comte.fr\/index.php\/wp-json\/wp\/v2\/tags?post=701"}],"curies":[{"name":"wp","href":"https:\/\/api.w.org\/{rel}","templated":true}]}}