{"id":804,"date":"2017-04-13T15:27:14","date_gmt":"2017-04-13T14:27:14","guid":{"rendered":"http:\/\/baons-le-comte.fr\/?p=804"},"modified":"2017-06-01T18:00:20","modified_gmt":"2017-06-01T17:00:20","slug":"ceremonie-du-8-mai-2017","status":"publish","type":"post","link":"https:\/\/baons-le-comte.fr\/index.php\/2017\/04\/13\/ceremonie-du-8-mai-2017\/","title":{"rendered":"C\u00e9r\u00e9monie du 8 Mai 2017"},"content":{"rendered":"<p><a href=\"https:\/\/baons-le-comte.fr\/wp-content\/uploads\/2016\/11\/20161111-114247.jpg\"><img loading=\"lazy\" decoding=\"async\" class=\"alignnone size-medium wp-image-316\" src=\"https:\/\/baons-le-comte.fr\/wp-content\/uploads\/2016\/11\/20161111-114247-169x300.jpg\" alt=\"\" width=\"169\" height=\"300\" srcset=\"https:\/\/baons-le-comte.fr\/wp-content\/uploads\/2016\/11\/20161111-114247-169x300.jpg 169w, https:\/\/baons-le-comte.fr\/wp-content\/uploads\/2016\/11\/20161111-114247-768x1365.jpg 768w, https:\/\/baons-le-comte.fr\/wp-content\/uploads\/2016\/11\/20161111-114247-576x1024.jpg 576w, https:\/\/baons-le-comte.fr\/wp-content\/uploads\/2016\/11\/20161111-114247.jpg 900w\" sizes=\"(max-width: 169px) 100vw, 169px\" \/><\/a><\/p>\n<ul>\n<li>Rendez-vous \u00e0 9 h \u00e0 Baons-le-Comte devant la mairie.<\/li>\n<li>Lecture du message du ministre des Anciens Combattants.<\/li>\n<li>D\u00e9p\u00f4t de gerbes devant le Monument aux Morts.<\/li>\n<li>Chant de la Marseillaise.<\/li>\n<\/ul>\n<p>et nous rejoignons nos camarades \u00e0 Veauville-les-Baons<\/p>\n<ul>\n<li>9h35 rendez-vous devant la Mairie.<\/li>\n<li>9h45 c\u00e9r\u00e9monie religieuse pr\u00e9sid\u00e9e par Alain Lefebvre, diacre, avec la participation des Caux M\u00e9lomanes.<\/li>\n<li>Message du 8 mai.<\/li>\n<li>Appel aux Morts.<\/li>\n<li>D\u00e9p\u00f4t des gerbes au Monument aux Morts et sur les tombes des aviateurs du Commonwealth.<\/li>\n<li>\u00a011h 15\u00a0 Vin d&rsquo;honneur offert par la Municipalit\u00e9 de Veauville-les-Baons.<\/li>\n<li><a href=\"https:\/\/baons-le-comte.fr\/wp-content\/uploads\/2017\/05\/WP_20170508_10_32_39_Pro-e1496209947413.jpg\"><img loading=\"lazy\" decoding=\"async\" class=\"alignnone size-medium wp-image-890\" src=\"https:\/\/baons-le-comte.fr\/wp-content\/uploads\/2017\/05\/WP_20170508_10_32_39_Pro-e1496209947413-169x300.jpg\" alt=\"\" width=\"169\" height=\"300\" srcset=\"https:\/\/baons-le-comte.fr\/wp-content\/uploads\/2017\/05\/WP_20170508_10_32_39_Pro-e1496209947413-169x300.jpg 169w, https:\/\/baons-le-comte.fr\/wp-content\/uploads\/2017\/05\/WP_20170508_10_32_39_Pro-e1496209947413-768x1362.jpg 768w, https:\/\/baons-le-comte.fr\/wp-content\/uploads\/2017\/05\/WP_20170508_10_32_39_Pro-e1496209947413-577x1024.jpg 577w, https:\/\/baons-le-comte.fr\/wp-content\/uploads\/2017\/05\/WP_20170508_10_32_39_Pro-e1496209947413.jpg 920w\" sizes=\"(max-width: 169px) 100vw, 169px\" \/><\/a><a href=\"https:\/\/baons-le-comte.fr\/wp-content\/uploads\/2017\/05\/WP_20170508_09_37_38_Pro-e1496209972906.jpg\"><img loading=\"lazy\" decoding=\"async\" class=\"alignnone size-medium wp-image-889\" src=\"https:\/\/baons-le-comte.fr\/wp-content\/uploads\/2017\/05\/WP_20170508_09_37_38_Pro-e1496209972906-169x300.jpg\" alt=\"\" width=\"169\" height=\"300\" srcset=\"https:\/\/baons-le-comte.fr\/wp-content\/uploads\/2017\/05\/WP_20170508_09_37_38_Pro-e1496209972906-169x300.jpg 169w, https:\/\/baons-le-comte.fr\/wp-content\/uploads\/2017\/05\/WP_20170508_09_37_38_Pro-e1496209972906-768x1362.jpg 768w, https:\/\/baons-le-comte.fr\/wp-content\/uploads\/2017\/05\/WP_20170508_09_37_38_Pro-e1496209972906-577x1024.jpg 577w, https:\/\/baons-le-comte.fr\/wp-content\/uploads\/2017\/05\/WP_20170508_09_37_38_Pro-e1496209972906.jpg 920w\" sizes=\"(max-width: 169px) 100vw, 169px\" \/><\/a><\/li>\n<\/ul>\n","protected":false},"excerpt":{"rendered":"<p>Rendez-vous \u00e0 9 h \u00e0 Baons-le-Comte devant la mairie. Lecture du message du ministre des Anciens Combattants. D\u00e9p\u00f4t de gerbes devant le Monument aux Morts. Chant de la Marseillaise. et nous rejoignons nos camarades \u00e0 Veauville-les-Baons 9h35 rendez-vous devant la Mairie. 9h45 c\u00e9r\u00e9monie religieuse pr\u00e9sid\u00e9e par Alain Lefebvre, diacre, avec la participation des Caux M\u00e9lomanes. &hellip; <a href=\"https:\/\/baons-le-comte.fr\/index.php\/2017\/04\/13\/ceremonie-du-8-mai-2017\/\" class=\"more-link\">Continuer la lecture de <span class=\"screen-reader-text\">C\u00e9r\u00e9monie du 8 Mai 2017<\/span>  <span class=\"meta-nav\">&rarr;<\/span><\/a><\/p>\n","protected":false},"author":3,"featured_media":315,"comment_status":"closed","ping_status":"open","sticky":false,"template":"","format":"standard","meta":{"footnotes":""},"categories":[5],"tags":[],"class_list":["post-804","post","type-post","status-publish","format-standard","has-post-thumbnail","hentry","category-actualite"],"aioseo_notices":[],"_links":{"self":[{"href":"https:\/\/baons-le-comte.fr\/index.php\/wp-json\/wp\/v2\/posts\/804"}],"collection":[{"href":"https:\/\/baons-le-comte.fr\/index.php\/wp-json\/wp\/v2\/posts"}],"about":[{"href":"https:\/\/baons-le-comte.fr\/index.php\/wp-json\/wp\/v2\/types\/post"}],"author":[{"embeddable":true,"href":"https:\/\/baons-le-comte.fr\/index.php\/wp-json\/wp\/v2\/users\/3"}],"replies":[{"embeddable":true,"href":"https:\/\/baons-le-comte.fr\/index.php\/wp-json\/wp\/v2\/comments?post=804"}],"version-history":[{"count":6,"href":"https:\/\/baons-le-comte.fr\/index.php\/wp-json\/wp\/v2\/posts\/804\/revisions"}],"predecessor-version":[{"id":893,"href":"https:\/\/baons-le-comte.fr\/index.php\/wp-json\/wp\/v2\/posts\/804\/revisions\/893"}],"wp:featuredmedia":[{"embeddable":true,"href":"https:\/\/baons-le-comte.fr\/index.php\/wp-json\/wp\/v2\/media\/315"}],"wp:attachment":[{"href":"https:\/\/baons-le-comte.fr\/index.php\/wp-json\/wp\/v2\/media?parent=804"}],"wp:term":[{"taxonomy":"category","embeddable":true,"href":"https:\/\/baons-le-comte.fr\/index.php\/wp-json\/wp\/v2\/categories?post=804"},{"taxonomy":"post_tag","embeddable":true,"href":"https:\/\/baons-le-comte.fr\/index.php\/wp-json\/wp\/v2\/tags?post=804"}],"curies":[{"name":"wp","href":"https:\/\/api.w.org\/{rel}","templated":true}]}}