{"id":972,"date":"2017-10-02T17:06:55","date_gmt":"2017-10-02T16:06:55","guid":{"rendered":"http:\/\/baons-le-comte.fr\/?p=972"},"modified":"2017-11-13T19:10:12","modified_gmt":"2017-11-13T18:10:12","slug":"conciliateur-de-justice","status":"publish","type":"post","link":"https:\/\/baons-le-comte.fr\/index.php\/2017\/10\/02\/conciliateur-de-justice\/","title":{"rendered":"CONCILIATEUR DE JUSTICE"},"content":{"rendered":"<p>QUE CE QU&rsquo;UN CONCILIATEUR DE JUSTICE ?<\/p>\n<p>Le Conciliateur de justice est un auxiliaire de justice asserment\u00e9 et b\u00e9n\u00e9vole,\u00a0 nomm\u00e9 sur proposition du juge d&rsquo;instance, par le premier pr\u00e9sident de la cour d&rsquo;appel.<\/p>\n<p>Apr\u00e8s une vie professionnelle bien remplie, notre Ami Alain LEFEBVRE a d\u00e9cid\u00e9 d&rsquo;occuper sa retraite en devenant conciliateur de Justice. Il tiendra ses permanences \u00e0 ST ETIENNE DU ROUVRAY.<\/p>\n<p>Bon vent \u00e0 lui pour cette nouvelle mission<\/p>\n","protected":false},"excerpt":{"rendered":"<p>QUE CE QU&rsquo;UN CONCILIATEUR DE JUSTICE ? Le Conciliateur de justice est un auxiliaire de justice asserment\u00e9 et b\u00e9n\u00e9vole,\u00a0 nomm\u00e9 sur proposition du juge d&rsquo;instance, par le premier pr\u00e9sident de la cour d&rsquo;appel. Apr\u00e8s une vie professionnelle bien remplie, notre Ami Alain LEFEBVRE a d\u00e9cid\u00e9 d&rsquo;occuper sa retraite en devenant conciliateur de Justice. Il tiendra &hellip; <a href=\"https:\/\/baons-le-comte.fr\/index.php\/2017\/10\/02\/conciliateur-de-justice\/\" class=\"more-link\">Continuer la lecture de <span class=\"screen-reader-text\">CONCILIATEUR DE JUSTICE<\/span>  <span class=\"meta-nav\">&rarr;<\/span><\/a><\/p>\n","protected":false},"author":2,"featured_media":1074,"comment_status":"closed","ping_status":"open","sticky":false,"template":"","format":"standard","meta":{"footnotes":""},"categories":[5],"tags":[],"class_list":["post-972","post","type-post","status-publish","format-standard","has-post-thumbnail","hentry","category-actualite"],"aioseo_notices":[],"_links":{"self":[{"href":"https:\/\/baons-le-comte.fr\/index.php\/wp-json\/wp\/v2\/posts\/972"}],"collection":[{"href":"https:\/\/baons-le-comte.fr\/index.php\/wp-json\/wp\/v2\/posts"}],"about":[{"href":"https:\/\/baons-le-comte.fr\/index.php\/wp-json\/wp\/v2\/types\/post"}],"author":[{"embeddable":true,"href":"https:\/\/baons-le-comte.fr\/index.php\/wp-json\/wp\/v2\/users\/2"}],"replies":[{"embeddable":true,"href":"https:\/\/baons-le-comte.fr\/index.php\/wp-json\/wp\/v2\/comments?post=972"}],"version-history":[{"count":1,"href":"https:\/\/baons-le-comte.fr\/index.php\/wp-json\/wp\/v2\/posts\/972\/revisions"}],"predecessor-version":[{"id":973,"href":"https:\/\/baons-le-comte.fr\/index.php\/wp-json\/wp\/v2\/posts\/972\/revisions\/973"}],"wp:featuredmedia":[{"embeddable":true,"href":"https:\/\/baons-le-comte.fr\/index.php\/wp-json\/wp\/v2\/media\/1074"}],"wp:attachment":[{"href":"https:\/\/baons-le-comte.fr\/index.php\/wp-json\/wp\/v2\/media?parent=972"}],"wp:term":[{"taxonomy":"category","embeddable":true,"href":"https:\/\/baons-le-comte.fr\/index.php\/wp-json\/wp\/v2\/categories?post=972"},{"taxonomy":"post_tag","embeddable":true,"href":"https:\/\/baons-le-comte.fr\/index.php\/wp-json\/wp\/v2\/tags?post=972"}],"curies":[{"name":"wp","href":"https:\/\/api.w.org\/{rel}","templated":true}]}}