{"id":974,"date":"2017-10-17T16:50:54","date_gmt":"2017-10-17T15:50:54","guid":{"rendered":"http:\/\/baons-le-comte.fr\/?p=974"},"modified":"2017-10-23T17:22:57","modified_gmt":"2017-10-23T16:22:57","slug":"coup-de-propre-a-leglise","status":"publish","type":"post","link":"https:\/\/baons-le-comte.fr\/index.php\/2017\/10\/17\/coup-de-propre-a-leglise\/","title":{"rendered":"COUP DE PROPRE A L&rsquo;EGLISE"},"content":{"rendered":"<p><a href=\"https:\/\/baons-le-comte.fr\/wp-content\/uploads\/2017\/10\/BLC.17.Eglise-int\u00e9rieur-B.jpg\"><img loading=\"lazy\" decoding=\"async\" class=\"alignnone size-medium wp-image-992\" src=\"https:\/\/baons-le-comte.fr\/wp-content\/uploads\/2017\/10\/BLC.17.Eglise-int\u00e9rieur-B-189x300.jpg\" alt=\"\" width=\"189\" height=\"300\" srcset=\"https:\/\/baons-le-comte.fr\/wp-content\/uploads\/2017\/10\/BLC.17.Eglise-int\u00e9rieur-B-189x300.jpg 189w, https:\/\/baons-le-comte.fr\/wp-content\/uploads\/2017\/10\/BLC.17.Eglise-int\u00e9rieur-B-768x1219.jpg 768w, https:\/\/baons-le-comte.fr\/wp-content\/uploads\/2017\/10\/BLC.17.Eglise-int\u00e9rieur-B-645x1024.jpg 645w, https:\/\/baons-le-comte.fr\/wp-content\/uploads\/2017\/10\/BLC.17.Eglise-int\u00e9rieur-B.jpg 910w\" sizes=\"(max-width: 189px) 100vw, 189px\" \/><\/a><\/p>\n<p>Avec Jacques et Paulette Beaufils responsables de l&rsquo;Eglise, nous avons profit\u00e9 des vacances, pour mettre de l&rsquo;ordre, nettoyer dans tous les coins et recoins de la cave et de la sacristie.<\/p>\n<p>Nous avons \u00e9t\u00e9\u00a0 agr\u00e9ablement surpris de d\u00e9couvrir derri\u00e8re le grand Autel une plaque avec un texte en Latin datant de 1868 sous le pontificat de PIE IX on y parle de Mr LETENDRE (s&rsquo;agit il du cur\u00e9 de l&rsquo;\u00e9poque), d&rsquo;un Mr MOUQUET D. et d&rsquo;un Mr DOUTRELEAU.( Tous renseignements sont les bienvenus)<\/p>\n<p>Un gentil habitant de Baons le Comte nous a offert 2 tapis pour remplacer l&rsquo;ancien bien us\u00e9 et en particulier couvert de t\u00e2ches cierge tr\u00e8s anciennes.<\/p>\n<p>&nbsp;<\/p>\n","protected":false},"excerpt":{"rendered":"<p>Avec Jacques et Paulette Beaufils responsables de l&rsquo;Eglise, nous avons profit\u00e9 des vacances, pour mettre de l&rsquo;ordre, nettoyer dans tous les coins et recoins de la cave et de la sacristie. Nous avons \u00e9t\u00e9\u00a0 agr\u00e9ablement surpris de d\u00e9couvrir derri\u00e8re le grand Autel une plaque avec un texte en Latin datant de 1868 sous le pontificat &hellip; <a href=\"https:\/\/baons-le-comte.fr\/index.php\/2017\/10\/17\/coup-de-propre-a-leglise\/\" class=\"more-link\">Continuer la lecture de <span class=\"screen-reader-text\">COUP DE PROPRE A L&rsquo;EGLISE<\/span>  <span class=\"meta-nav\">&rarr;<\/span><\/a><\/p>\n","protected":false},"author":2,"featured_media":0,"comment_status":"closed","ping_status":"open","sticky":false,"template":"","format":"standard","meta":{"footnotes":""},"categories":[5],"tags":[],"class_list":["post-974","post","type-post","status-publish","format-standard","hentry","category-actualite"],"aioseo_notices":[],"_links":{"self":[{"href":"https:\/\/baons-le-comte.fr\/index.php\/wp-json\/wp\/v2\/posts\/974"}],"collection":[{"href":"https:\/\/baons-le-comte.fr\/index.php\/wp-json\/wp\/v2\/posts"}],"about":[{"href":"https:\/\/baons-le-comte.fr\/index.php\/wp-json\/wp\/v2\/types\/post"}],"author":[{"embeddable":true,"href":"https:\/\/baons-le-comte.fr\/index.php\/wp-json\/wp\/v2\/users\/2"}],"replies":[{"embeddable":true,"href":"https:\/\/baons-le-comte.fr\/index.php\/wp-json\/wp\/v2\/comments?post=974"}],"version-history":[{"count":4,"href":"https:\/\/baons-le-comte.fr\/index.php\/wp-json\/wp\/v2\/posts\/974\/revisions"}],"predecessor-version":[{"id":1053,"href":"https:\/\/baons-le-comte.fr\/index.php\/wp-json\/wp\/v2\/posts\/974\/revisions\/1053"}],"wp:attachment":[{"href":"https:\/\/baons-le-comte.fr\/index.php\/wp-json\/wp\/v2\/media?parent=974"}],"wp:term":[{"taxonomy":"category","embeddable":true,"href":"https:\/\/baons-le-comte.fr\/index.php\/wp-json\/wp\/v2\/categories?post=974"},{"taxonomy":"post_tag","embeddable":true,"href":"https:\/\/baons-le-comte.fr\/index.php\/wp-json\/wp\/v2\/tags?post=974"}],"curies":[{"name":"wp","href":"https:\/\/api.w.org\/{rel}","templated":true}]}}